{"id":243007,"date":"2026-09-03T12:21:17","date_gmt":"2026-09-03T10:21:17","guid":{"rendered":"https:\/\/radiostargjilan.com\/web\/?p=243007"},"modified":"2026-09-03T12:22:37","modified_gmt":"2026-09-03T10:22:37","slug":"aksident-ne-magjistralen-gjilan-prishtine-vetura-del-nga-rruga-ne-slivove","status":"publish","type":"post","link":"https:\/\/radiostargjilan.com\/web\/aksident-ne-magjistralen-gjilan-prishtine-vetura-del-nga-rruga-ne-slivove\/","title":{"rendered":"Aksident n\u00eb magjistralen Gjilan\u2013Prishtin\u00eb"},"content":{"rendered":"<p>Nj\u00eb aksident trafiku ka ndodhur n\u00eb magjistralen Gjilan\u2013Prishtin\u00eb, konkretisht n\u00eb fshatin Slivov\u00eb, n\u00eb drejtim t\u00eb Prishtin\u00ebs.<\/p>\n<p>Sipas informacioneve t\u00eb para, nj\u00eb vetur\u00eb dyshohet se \u00ebsht\u00eb vet\u00eb-aksidentuar, nd\u00ebrsa nga pamjet e para v\u00ebrehen d\u00ebme t\u00eb konsiderueshme materiale.<\/p>\n<p>Ende nuk dihet n\u00ebse ka persona t\u00eb l\u00ebnduar si pasoj\u00eb e aksidentit. Rrethanat e plota t\u00eb ngjarjes pritet t\u00eb b\u00ebhen t\u00eb ditura pas hetimeve nga autoritetet.<\/p>\n","protected":false},"excerpt":{"rendered":"<p>Nj\u00eb aksident trafiku ka ndodhur n\u00eb magjistralen Gjilan\u2013Prishtin\u00eb, konkretisht n\u00eb fshatin Slivov\u00eb, n\u00eb drejtim t\u00eb Prishtin\u00ebs. Sipas informacioneve t\u00eb para, nj\u00eb vetur\u00eb dyshohet se \u00ebsht\u00eb vet\u00eb-aksidentuar, nd\u00ebrsa nga pamjet e para v\u00ebrehen d\u00ebme t\u00eb konsiderueshme materiale. Ende nuk dihet n\u00ebse ka persona t\u00eb l\u00ebnduar si pasoj\u00eb e aksidentit. Rrethanat e plota t\u00eb ngjarjes pritet t\u00eb [&hellip;]<\/p>\n","protected":false},"author":1,"featured_media":243008,"comment_status":"closed","ping_status":"closed","sticky":false,"template":"","format":"standard","meta":{"footnotes":""},"categories":[5],"tags":[],"tmauthors":[136],"class_list":["post-243007","post","type-post","status-publish","format-standard","has-post-thumbnail","category-lajme"],"_links":{"self":[{"href":"https:\/\/radiostargjilan.com\/web\/wp-json\/wp\/v2\/posts\/243007","targetHints":{"allow":["GET"]}}],"collection":[{"href":"https:\/\/radiostargjilan.com\/web\/wp-json\/wp\/v2\/posts"}],"about":[{"href":"https:\/\/radiostargjilan.com\/web\/wp-json\/wp\/v2\/types\/post"}],"author":[{"embeddable":true,"href":"https:\/\/radiostargjilan.com\/web\/wp-json\/wp\/v2\/users\/1"}],"replies":[{"embeddable":true,"href":"https:\/\/radiostargjilan.com\/web\/wp-json\/wp\/v2\/comments?post=243007"}],"version-history":[{"count":1,"href":"https:\/\/radiostargjilan.com\/web\/wp-json\/wp\/v2\/posts\/243007\/revisions"}],"predecessor-version":[{"id":243010,"href":"https:\/\/radiostargjilan.com\/web\/wp-json\/wp\/v2\/posts\/243007\/revisions\/243010"}],"wp:featuredmedia":[{"embeddable":true,"href":"https:\/\/radiostargjilan.com\/web\/wp-json\/wp\/v2\/media\/243008"}],"wp:attachment":[{"href":"https:\/\/radiostargjilan.com\/web\/wp-json\/wp\/v2\/media?parent=243007"}],"wp:term":[{"taxonomy":"category","embeddable":true,"href":"https:\/\/radiostargjilan.com\/web\/wp-json\/wp\/v2\/categories?post=243007"},{"taxonomy":"post_tag","embeddable":true,"href":"https:\/\/radiostargjilan.com\/web\/wp-json\/wp\/v2\/tags?post=243007"},{"taxonomy":"tmauthors","embeddable":true,"href":"https:\/\/radiostargjilan.com\/web\/wp-json\/wp\/v2\/tmauthors?post=243007"}],"curies":[{"name":"wp","href":"https:\/\/api.w.org\/{rel}","templated":true}]}}