{"id":243014,"date":"2026-09-03T12:29:51","date_gmt":"2026-09-03T10:29:51","guid":{"rendered":"https:\/\/radiostargjilan.com\/web\/?p=243014"},"modified":"2026-09-03T12:29:51","modified_gmt":"2026-09-03T10:29:51","slug":"komuna-e-gjilanit-nis-te-shtunen-fazen-e-dyte-te-dezinsektimit-ja-cfare-duhet-te-bejne-qytetaret-dhe-bletaret","status":"publish","type":"post","link":"https:\/\/radiostargjilan.com\/web\/komuna-e-gjilanit-nis-te-shtunen-fazen-e-dyte-te-dezinsektimit-ja-cfare-duhet-te-bejne-qytetaret-dhe-bletaret\/","title":{"rendered":"Komuna e Gjilanit nis t\u00eb shtun\u00ebn faz\u00ebn e dyt\u00eb t\u00eb dezinsektimit \u2013 ja \u00e7far\u00eb duhet t\u00eb b\u00ebjn\u00eb qytetar\u00ebt dhe bletar\u00ebt"},"content":{"rendered":"<p>\ud83d\udce2 NJOFTIM P\u00cbR QYTETAR\u00cbT<\/p>\n<p>Komuna e Gjilanit njofton qytetar\u00ebt se t\u00eb shtun\u00ebn, m\u00eb 5 shtator 2026, nga ora 19:30, do t\u00eb filloj\u00eb faza e dyt\u00eb e procesit t\u00eb dezinsektimit n\u00eb territorin e Komun\u00ebs s\u00eb Gjilanit.<\/p>\n<p>\ud83d\udc1d Apel p\u00ebr bletar\u00ebt: Gjat\u00eb procesit t\u00eb dezinsektimit, ju lutemi t\u00eb merrni masat e nevojshme p\u00ebr mbrojtjen e blet\u00ebve dhe koshereve.<\/p>\n<p>\ud83c\udfe0 Apel p\u00ebr qytetar\u00ebt: Gjat\u00eb koh\u00ebs s\u00eb trajtimit, mbani t\u00eb mbyllura dyert dhe dritaret e sht\u00ebpive, n\u00eb m\u00ebnyr\u00eb q\u00eb insektet t\u00eb mos dep\u00ebrtojn\u00eb n\u00eb ambientet e banimit.<\/p>\n<p>Faleminderit p\u00ebr mir\u00ebkuptimin dhe bashk\u00ebpunimin!<\/p>\n<p>Drejtoria e Sh\u00ebndet\u00ebsis\u00eb dhe Mir\u00ebqenies Sociale<\/p>\n","protected":false},"excerpt":{"rendered":"<p>\ud83d\udce2 NJOFTIM P\u00cbR QYTETAR\u00cbT Komuna e Gjilanit njofton qytetar\u00ebt se t\u00eb shtun\u00ebn, m\u00eb 5 shtator 2026, nga ora 19:30, do t\u00eb filloj\u00eb faza e dyt\u00eb e procesit t\u00eb dezinsektimit n\u00eb territorin e Komun\u00ebs s\u00eb Gjilanit. \ud83d\udc1d Apel p\u00ebr bletar\u00ebt: Gjat\u00eb procesit t\u00eb dezinsektimit, ju lutemi t\u00eb merrni masat e nevojshme p\u00ebr mbrojtjen e blet\u00ebve dhe [&hellip;]<\/p>\n","protected":false},"author":1,"featured_media":243015,"comment_status":"closed","ping_status":"closed","sticky":false,"template":"","format":"standard","meta":{"footnotes":""},"categories":[5],"tags":[],"tmauthors":[136],"class_list":["post-243014","post","type-post","status-publish","format-standard","has-post-thumbnail","category-lajme"],"_links":{"self":[{"href":"https:\/\/radiostargjilan.com\/web\/wp-json\/wp\/v2\/posts\/243014","targetHints":{"allow":["GET"]}}],"collection":[{"href":"https:\/\/radiostargjilan.com\/web\/wp-json\/wp\/v2\/posts"}],"about":[{"href":"https:\/\/radiostargjilan.com\/web\/wp-json\/wp\/v2\/types\/post"}],"author":[{"embeddable":true,"href":"https:\/\/radiostargjilan.com\/web\/wp-json\/wp\/v2\/users\/1"}],"replies":[{"embeddable":true,"href":"https:\/\/radiostargjilan.com\/web\/wp-json\/wp\/v2\/comments?post=243014"}],"version-history":[{"count":1,"href":"https:\/\/radiostargjilan.com\/web\/wp-json\/wp\/v2\/posts\/243014\/revisions"}],"predecessor-version":[{"id":243016,"href":"https:\/\/radiostargjilan.com\/web\/wp-json\/wp\/v2\/posts\/243014\/revisions\/243016"}],"wp:featuredmedia":[{"embeddable":true,"href":"https:\/\/radiostargjilan.com\/web\/wp-json\/wp\/v2\/media\/243015"}],"wp:attachment":[{"href":"https:\/\/radiostargjilan.com\/web\/wp-json\/wp\/v2\/media?parent=243014"}],"wp:term":[{"taxonomy":"category","embeddable":true,"href":"https:\/\/radiostargjilan.com\/web\/wp-json\/wp\/v2\/categories?post=243014"},{"taxonomy":"post_tag","embeddable":true,"href":"https:\/\/radiostargjilan.com\/web\/wp-json\/wp\/v2\/tags?post=243014"},{"taxonomy":"tmauthors","embeddable":true,"href":"https:\/\/radiostargjilan.com\/web\/wp-json\/wp\/v2\/tmauthors?post=243014"}],"curies":[{"name":"wp","href":"https:\/\/api.w.org\/{rel}","templated":true}]}}