{"id":243017,"date":"2026-09-03T14:12:09","date_gmt":"2026-09-03T12:12:09","guid":{"rendered":"https:\/\/radiostargjilan.com\/web\/?p=243017"},"modified":"2026-09-03T14:12:09","modified_gmt":"2026-09-03T12:12:09","slug":"agk-shpreh-ngushellime-per-vdekjen-tragjike-te-laurent-krasniqit","status":"publish","type":"post","link":"https:\/\/radiostargjilan.com\/web\/agk-shpreh-ngushellime-per-vdekjen-tragjike-te-laurent-krasniqit\/","title":{"rendered":"AGK shpreh ngush\u00ebllime p\u00ebr vdekjen tragjike t\u00eb Laurent Krasniqit"},"content":{"rendered":"<p>Asociacioni i Gazetar\u00ebve t\u00eb Kosov\u00ebs (AGK) ka shprehur ngush\u00ebllime pas vdekjes tragjike t\u00eb Laurent Krasniqi.<\/p>\n<p>Laurenti p\u00ebr disa vite kishte punuar si kameraman n\u00eb disa prej mediave n\u00eb Kosov\u00eb, p\u00ebrfshir\u00eb T7, TV Dukagjini dhe T\u00ebv\u00eb1. Sipas AGK-s\u00eb, Krasniqi ka dh\u00ebn\u00eb nj\u00eb kontribut t\u00eb r\u00ebnd\u00ebsish\u00ebm n\u00eb sken\u00ebn mediale n\u00eb vend, nd\u00ebrsa do t\u00eb kujtohet p\u00ebr profesionalizmin dhe kolegialitetin e tij.<\/p>\n<p>\u201cLaurenti ka dh\u00ebn\u00eb nj\u00eb kontribut t\u00eb r\u00ebnd\u00ebsish\u00ebm n\u00eb sken\u00ebn mediale me pun\u00ebn e tij profesionale, dhe do t\u00eb kujtohet p\u00ebr kolegialitetin e pashoq tek i gjith\u00eb komunitetit medial n\u00eb vend\u201d, thuhet n\u00eb telegramin e ngush\u00ebllimit t\u00eb AGK-s\u00eb.<\/p>\n<p>AGK-ja u ka shprehur ngush\u00ebllime t\u00eb sinqerta familjes, miqve dhe t\u00eb gjith\u00eb koleg\u00ebve q\u00eb kan\u00eb punuar me t\u00eb.<\/p>\n","protected":false},"excerpt":{"rendered":"<p>Asociacioni i Gazetar\u00ebve t\u00eb Kosov\u00ebs (AGK) ka shprehur ngush\u00ebllime pas vdekjes tragjike t\u00eb Laurent Krasniqi. Laurenti p\u00ebr disa vite kishte punuar si kameraman n\u00eb disa prej mediave n\u00eb Kosov\u00eb, p\u00ebrfshir\u00eb T7, TV Dukagjini dhe T\u00ebv\u00eb1. Sipas AGK-s\u00eb, Krasniqi ka dh\u00ebn\u00eb nj\u00eb kontribut t\u00eb r\u00ebnd\u00ebsish\u00ebm n\u00eb sken\u00ebn mediale n\u00eb vend, nd\u00ebrsa do t\u00eb kujtohet p\u00ebr profesionalizmin [&hellip;]<\/p>\n","protected":false},"author":1,"featured_media":242981,"comment_status":"closed","ping_status":"closed","sticky":false,"template":"","format":"standard","meta":{"footnotes":""},"categories":[5],"tags":[],"tmauthors":[136],"class_list":["post-243017","post","type-post","status-publish","format-standard","has-post-thumbnail","category-lajme"],"_links":{"self":[{"href":"https:\/\/radiostargjilan.com\/web\/wp-json\/wp\/v2\/posts\/243017","targetHints":{"allow":["GET"]}}],"collection":[{"href":"https:\/\/radiostargjilan.com\/web\/wp-json\/wp\/v2\/posts"}],"about":[{"href":"https:\/\/radiostargjilan.com\/web\/wp-json\/wp\/v2\/types\/post"}],"author":[{"embeddable":true,"href":"https:\/\/radiostargjilan.com\/web\/wp-json\/wp\/v2\/users\/1"}],"replies":[{"embeddable":true,"href":"https:\/\/radiostargjilan.com\/web\/wp-json\/wp\/v2\/comments?post=243017"}],"version-history":[{"count":1,"href":"https:\/\/radiostargjilan.com\/web\/wp-json\/wp\/v2\/posts\/243017\/revisions"}],"predecessor-version":[{"id":243018,"href":"https:\/\/radiostargjilan.com\/web\/wp-json\/wp\/v2\/posts\/243017\/revisions\/243018"}],"wp:featuredmedia":[{"embeddable":true,"href":"https:\/\/radiostargjilan.com\/web\/wp-json\/wp\/v2\/media\/242981"}],"wp:attachment":[{"href":"https:\/\/radiostargjilan.com\/web\/wp-json\/wp\/v2\/media?parent=243017"}],"wp:term":[{"taxonomy":"category","embeddable":true,"href":"https:\/\/radiostargjilan.com\/web\/wp-json\/wp\/v2\/categories?post=243017"},{"taxonomy":"post_tag","embeddable":true,"href":"https:\/\/radiostargjilan.com\/web\/wp-json\/wp\/v2\/tags?post=243017"},{"taxonomy":"tmauthors","embeddable":true,"href":"https:\/\/radiostargjilan.com\/web\/wp-json\/wp\/v2\/tmauthors?post=243017"}],"curies":[{"name":"wp","href":"https:\/\/api.w.org\/{rel}","templated":true}]}}