{"id":243019,"date":"2026-09-03T15:15:24","date_gmt":"2026-09-03T13:15:24","guid":{"rendered":"https:\/\/radiostargjilan.com\/web\/?p=243019"},"modified":"2026-09-03T15:15:24","modified_gmt":"2026-09-03T13:15:24","slug":"deputeteve-u-del-paga-ne-llogari-prej-mbi-1500-eurosh-edhe-pse-kuvendi-ende-jofunksional","status":"publish","type":"post","link":"https:\/\/radiostargjilan.com\/web\/deputeteve-u-del-paga-ne-llogari-prej-mbi-1500-eurosh-edhe-pse-kuvendi-ende-jofunksional\/","title":{"rendered":"Deputet\u00ebve u del paga n\u00eb llogari prej mbi 1500 eurosh, edhe pse Kuvendi ende jofunksional"},"content":{"rendered":"<p>Deputeti i LDK-s\u00eb Ermal Sadiku ka deklaruar se deputet\u00ebt q\u00eb jan\u00eb betuar n\u00eb Kuvend kan\u00eb filluar t\u2019i marrin pagat, pavar\u00ebsisht se Kuvendi nuk \u00ebsht\u00eb funksional.<\/p>\n<p>Sadiku ka th\u00ebn\u00eb se kjo \u00ebsht\u00eb paga e kat\u00ebrt q\u00eb ai merr nga Kuvendi, duke theksuar se nuk ka p\u00ebrfituar nga pagat kalimtare.<\/p>\n<p class=\" aBigClassNameToAvoidCollision2\">\u201c1.500 euro rrog\u00eb, me dy seanca t\u00eb \u00e7uditshme, \u00ebsht\u00eb p\u00ebr bes\u00eb keq\u201d, ka shkruar Sadiku, transmeton Zeri.info.<\/p>\n<p>Ai ka kritikuar situat\u00ebn aktuale n\u00eb Kuvend, duke argumentuar se deputet\u00ebt gjat\u00eb k\u00ebsaj periudhe kan\u00eb mundur t\u00eb punojn\u00eb n\u00eb komisione parlamentare, t\u00eb avancojn\u00eb ligjet q\u00eb presin p\u00ebr shqyrtim dhe t\u00eb diskutojn\u00eb politika publike.<\/p>\n<div>\n<div id=\"52949-2\"><\/div>\n<\/div>\n<p>\u201cGjat\u00eb gjith\u00eb k\u00ebsaj kohe kemi mundur t\u00eb punojm\u00eb n\u00eb komisione, t\u2019i shtyjm\u00eb p\u00ebrpara disa ligje q\u00eb po presin, t\u00eb diskutojm\u00eb e t\u00eb propozojm\u00eb politika dhe, n\u00eb fund t\u00eb fundit, t\u2019i kryejm\u00eb pun\u00ebt p\u00ebr t\u00eb cilat na kan\u00eb votuar qytetar\u00ebt\u201d, ka deklaruar ai.<\/p>\n<p>&nbsp;<\/p>\n<p>N\u00eb fund, Sadiku i ka b\u00ebr\u00eb thirrje L\u00ebvizjes Vet\u00ebvendosje ta th\u00ebrras\u00eb seanc\u00ebn e Kuvendit.<\/p>\n<p>\u201cThirreni seanc\u00ebn, t\u00eb padashutun e t\u00eb parespektuar Vet\u00ebvendosje. L\u00ebrini k\u00ebto dallavere, bllokada e manipulime\u201d, ka shkruar ai.<\/p>\n<p>P\u00ebrve\u00e7 betimit t\u00eb deputet\u00ebve, Kuvendi i Kosov\u00ebs nuk \u00ebsht\u00eb konstituuar akoma me kryetar dhe n\u00ebnkryetar\u00ebt e tij.<\/p>\n<p><iframe loading=\"lazy\" src=\"https:\/\/www.facebook.com\/plugins\/post.php?href=https%3A%2F%2Fwww.facebook.com%2Fermal.sadiku.19%2Fposts%2Fpfbid02DpnXAA6RoYTLDnHfeF7zbboFHRLzMsj9rEdc7iUsN7Qz9Qkh9Jn1rQWH9HLcMi7Dl&amp;show_text=true&amp;width=500\" width=\"500\" height=\"737\" frameborder=\"0\" scrolling=\"no\" allowfullscreen=\"allowfullscreen\" data-mce-fragment=\"1\"><\/iframe><\/p>\n","protected":false},"excerpt":{"rendered":"<p>Deputeti i LDK-s\u00eb Ermal Sadiku ka deklaruar se deputet\u00ebt q\u00eb jan\u00eb betuar n\u00eb Kuvend kan\u00eb filluar t\u2019i marrin pagat, pavar\u00ebsisht se Kuvendi nuk \u00ebsht\u00eb funksional. Sadiku ka th\u00ebn\u00eb se kjo \u00ebsht\u00eb paga e kat\u00ebrt q\u00eb ai merr nga Kuvendi, duke theksuar se nuk ka p\u00ebrfituar nga pagat kalimtare. \u201c1.500 euro rrog\u00eb, me dy seanca t\u00eb [&hellip;]<\/p>\n","protected":false},"author":1,"featured_media":243005,"comment_status":"closed","ping_status":"closed","sticky":false,"template":"","format":"standard","meta":{"footnotes":""},"categories":[5],"tags":[],"tmauthors":[136],"class_list":["post-243019","post","type-post","status-publish","format-standard","has-post-thumbnail","category-lajme"],"_links":{"self":[{"href":"https:\/\/radiostargjilan.com\/web\/wp-json\/wp\/v2\/posts\/243019","targetHints":{"allow":["GET"]}}],"collection":[{"href":"https:\/\/radiostargjilan.com\/web\/wp-json\/wp\/v2\/posts"}],"about":[{"href":"https:\/\/radiostargjilan.com\/web\/wp-json\/wp\/v2\/types\/post"}],"author":[{"embeddable":true,"href":"https:\/\/radiostargjilan.com\/web\/wp-json\/wp\/v2\/users\/1"}],"replies":[{"embeddable":true,"href":"https:\/\/radiostargjilan.com\/web\/wp-json\/wp\/v2\/comments?post=243019"}],"version-history":[{"count":1,"href":"https:\/\/radiostargjilan.com\/web\/wp-json\/wp\/v2\/posts\/243019\/revisions"}],"predecessor-version":[{"id":243020,"href":"https:\/\/radiostargjilan.com\/web\/wp-json\/wp\/v2\/posts\/243019\/revisions\/243020"}],"wp:featuredmedia":[{"embeddable":true,"href":"https:\/\/radiostargjilan.com\/web\/wp-json\/wp\/v2\/media\/243005"}],"wp:attachment":[{"href":"https:\/\/radiostargjilan.com\/web\/wp-json\/wp\/v2\/media?parent=243019"}],"wp:term":[{"taxonomy":"category","embeddable":true,"href":"https:\/\/radiostargjilan.com\/web\/wp-json\/wp\/v2\/categories?post=243019"},{"taxonomy":"post_tag","embeddable":true,"href":"https:\/\/radiostargjilan.com\/web\/wp-json\/wp\/v2\/tags?post=243019"},{"taxonomy":"tmauthors","embeddable":true,"href":"https:\/\/radiostargjilan.com\/web\/wp-json\/wp\/v2\/tmauthors?post=243019"}],"curies":[{"name":"wp","href":"https:\/\/api.w.org\/{rel}","templated":true}]}}