{"id":243025,"date":"2026-09-03T17:39:42","date_gmt":"2026-09-03T15:39:42","guid":{"rendered":"https:\/\/radiostargjilan.com\/web\/?p=243025"},"modified":"2026-09-03T17:39:42","modified_gmt":"2026-09-03T15:39:42","slug":"i-jepet-lamtumira-e-fundit-laurent-krasniqit","status":"publish","type":"post","link":"https:\/\/radiostargjilan.com\/web\/i-jepet-lamtumira-e-fundit-laurent-krasniqit\/","title":{"rendered":"I jepet lamtumira e fundit Laurent Krasniqit"},"content":{"rendered":"<p>Pasdit\u00ebn e s\u00eb enjt\u00ebs \u00ebsht\u00eb varrosur Laurent Krasniqi, i cili nd\u00ebroi jet\u00eb tragjikisht mbr\u00ebm\u00eb pas aksidentit me moto\u00e7iklet\u00eb.<\/p>\n<p>Ceremonia e varrimit \u00ebsht\u00eb mbajtur n\u00eb fshatin e tij t\u00eb lindjes, n\u00eb Llukar t\u00eb Prishtin\u00ebs, ku familjar\u00eb, miq dhe qytetar\u00eb t\u00eb shumt\u00eb u mblodh\u00ebn p\u00ebr t\u2019i dh\u00ebn\u00eb nderimet e fundit t\u00eb riut.<\/p>\n","protected":false},"excerpt":{"rendered":"<p>Pasdit\u00ebn e s\u00eb enjt\u00ebs \u00ebsht\u00eb varrosur Laurent Krasniqi, i cili nd\u00ebroi jet\u00eb tragjikisht mbr\u00ebm\u00eb pas aksidentit me moto\u00e7iklet\u00eb. Ceremonia e varrimit \u00ebsht\u00eb mbajtur n\u00eb fshatin e tij t\u00eb lindjes, n\u00eb Llukar t\u00eb Prishtin\u00ebs, ku familjar\u00eb, miq dhe qytetar\u00eb t\u00eb shumt\u00eb u mblodh\u00ebn p\u00ebr t\u2019i dh\u00ebn\u00eb nderimet e fundit t\u00eb riut.<\/p>\n","protected":false},"author":1,"featured_media":243026,"comment_status":"closed","ping_status":"closed","sticky":false,"template":"","format":"standard","meta":{"footnotes":""},"categories":[5],"tags":[],"tmauthors":[136],"class_list":["post-243025","post","type-post","status-publish","format-standard","has-post-thumbnail","category-lajme"],"_links":{"self":[{"href":"https:\/\/radiostargjilan.com\/web\/wp-json\/wp\/v2\/posts\/243025","targetHints":{"allow":["GET"]}}],"collection":[{"href":"https:\/\/radiostargjilan.com\/web\/wp-json\/wp\/v2\/posts"}],"about":[{"href":"https:\/\/radiostargjilan.com\/web\/wp-json\/wp\/v2\/types\/post"}],"author":[{"embeddable":true,"href":"https:\/\/radiostargjilan.com\/web\/wp-json\/wp\/v2\/users\/1"}],"replies":[{"embeddable":true,"href":"https:\/\/radiostargjilan.com\/web\/wp-json\/wp\/v2\/comments?post=243025"}],"version-history":[{"count":1,"href":"https:\/\/radiostargjilan.com\/web\/wp-json\/wp\/v2\/posts\/243025\/revisions"}],"predecessor-version":[{"id":243027,"href":"https:\/\/radiostargjilan.com\/web\/wp-json\/wp\/v2\/posts\/243025\/revisions\/243027"}],"wp:featuredmedia":[{"embeddable":true,"href":"https:\/\/radiostargjilan.com\/web\/wp-json\/wp\/v2\/media\/243026"}],"wp:attachment":[{"href":"https:\/\/radiostargjilan.com\/web\/wp-json\/wp\/v2\/media?parent=243025"}],"wp:term":[{"taxonomy":"category","embeddable":true,"href":"https:\/\/radiostargjilan.com\/web\/wp-json\/wp\/v2\/categories?post=243025"},{"taxonomy":"post_tag","embeddable":true,"href":"https:\/\/radiostargjilan.com\/web\/wp-json\/wp\/v2\/tags?post=243025"},{"taxonomy":"tmauthors","embeddable":true,"href":"https:\/\/radiostargjilan.com\/web\/wp-json\/wp\/v2\/tmauthors?post=243025"}],"curies":[{"name":"wp","href":"https:\/\/api.w.org\/{rel}","templated":true}]}}