{"id":243028,"date":"2026-09-03T18:48:49","date_gmt":"2026-09-03T16:48:49","guid":{"rendered":"https:\/\/radiostargjilan.com\/web\/?p=243028"},"modified":"2026-09-03T18:48:49","modified_gmt":"2026-09-03T16:48:49","slug":"presidenca-kryetari-i-ri-i-kuvendit-do-te-marre-postin-e-ushtruesit-te-detyres-se-presidentit","status":"publish","type":"post","link":"https:\/\/radiostargjilan.com\/web\/presidenca-kryetari-i-ri-i-kuvendit-do-te-marre-postin-e-ushtruesit-te-detyres-se-presidentit\/","title":{"rendered":"Presidenca: Kryetari i ri i Kuvendit do t\u00eb marr\u00eb postin e ushtruesit t\u00eb detyr\u00ebs s\u00eb presidentit"},"content":{"rendered":"<p>Postin e ushtruesit t\u00eb detyr\u00ebs s\u00eb presidentit t\u00eb Kosov\u00ebs, Albulena Haxhiu, do t\u2019ia dor\u00ebzoj\u00eb kryetarit t\u00eb ri t\u00eb Kuvendit q\u00eb do t\u00eb zgjidhet nga legjislatura e nj\u00ebmb\u00ebdhjet\u00eb.<\/p>\n<p>N\u00eb nj\u00eb p\u00ebrgjigje p\u00ebr Radion Evropa e Lir\u00eb, nga Presidenca e Kosov\u00ebs than\u00eb se vendi nuk mund t\u00eb mbetet pa ushtrues detyre t\u00eb presidentit.<\/p>\n<p>\u201cMe zgjedhjen e kryetarit t\u00eb ri t\u00eb Kuvendit, kushdo qoft\u00eb ai apo ajo, ushtrimi i detyr\u00ebs s\u00eb presidentit kalon te kryetari i ri i Kuvendit, deri n\u00eb zgjedhjen e presidentit t\u00eb Republik\u00ebs\u201d, tha Presidenca n\u00eb nj\u00eb p\u00ebrgjigje p\u00ebr REL-in.<\/p>\n<p>Legjislatura e re, e dal\u00eb nga zgjedhjet e qershorit, ende nuk \u00ebsht\u00eb konstituuar. Seanca konstituive, q\u00eb nisi m\u00eb 6 gusht, nuk \u00ebsht\u00eb p\u00ebrmbyllur, pasi L\u00ebvizja Vet\u00ebvendosje k\u00ebrkon q\u00eb fillimisht t\u00eb ket\u00eb pajtim p\u00ebr zgjedhjen e presidentit t\u00eb vendit.<\/p>\n<p>Haxhiu ushtron detyr\u00ebn e presidentit q\u00eb nga 4 prilli, si kryetare e legjislatur\u00ebs s\u00eb dhjet\u00eb t\u00eb Kuvendit, pas p\u00ebrfundimit t\u00eb mandatit pes\u00ebvje\u00e7ar n\u00eb krye t\u00eb shtetit t\u00eb Vjosa Osmanit.<\/p>\n<p>Sipas Kushtetut\u00ebs s\u00eb Kosov\u00ebs, posti i ushtruesit t\u00eb detyr\u00ebs s\u00eb presidentit nuk mund t\u00eb ushtrohet m\u00eb gjat\u00eb se gjasht\u00eb muaj.<\/p>\n<p>N\u00eb rastin e Haxhiut, ajo mund ta ushtroj\u00eb k\u00ebt\u00eb post deri m\u00eb 4 tetor.<\/p>\n<p>Nga Presidenca e Kosov\u00ebs e lan\u00eb t\u00eb hapur mund\u00ebsin\u00eb q\u00eb t\u2019i drejtohen Gjykat\u00ebs Kushtetuese p\u00ebr sqarim, n\u00ebse deri m\u00eb 4 tetor deputet\u00ebt nuk zgjedhin nj\u00eb president t\u00eb ri t\u00eb shtetit.<\/p>\n<p>\u201cN\u00eb k\u00ebt\u00eb faz\u00eb nuk do t\u00eb paragjykonim n\u00ebse do t\u00eb paraqitet nevoja p\u00ebr nj\u00eb procedur\u00eb t\u00eb till\u00eb\u201d, thuhet n\u00eb p\u00ebrgjigjen e Presidenc\u00ebs.<\/p>\n<p>Megjithat\u00eb, sipas k\u00ebtij institucioni, aktualisht fokusi duhet t\u00eb jet\u00eb te zgjedhja e nj\u00eb presidenti me mandat t\u00eb plot\u00eb.<\/p>\n<p>L\u00ebvizja Vet\u00ebvendosje dhe Lidhja Demokratike e Kosov\u00ebs n\u00eb fillim t\u00eb k\u00ebsaj jave arrit\u00ebn marr\u00ebveshje p\u00ebr \u00e7\u00ebshtjen e presidentit. Ky partit\u00eb propozuan Bekim Sejdiun, ish-gjyqtarin e Gjykat\u00ebn Kushtetuese, Bekim Sejdiu, p\u00ebr postin e presidentit.<\/p>\n<p>Por, nj\u00eb dit\u00eb m\u00eb von\u00eb, marr\u00ebveshja nuk u p\u00ebrkrah nga gjasht\u00eb deputet\u00eb t\u00eb LDK-s\u00eb, duke ngritur pik\u00ebpyetje n\u00ebse ajo mund ta prodhoj\u00eb kreun e ri t\u00eb shtetit.<\/p>\n<p>Pas k\u00ebtij zhvillimi, kreu i LVV-s\u00eb, nj\u00ebher\u00ebsh kryeministri n\u00eb detyr\u00eb i Kosov\u00ebs, Albin Kurti, tha se do t\u00eb vazhdojn\u00eb p\u00ebrpjekjet p\u00ebr \u00e7\u00ebshtjen e presidentit, duke shtuar se tani jan\u00eb 74 p\u00ebr Sejdiun.<\/p>\n<p>P\u00ebr zgjedhjen e presidentit k\u00ebrkohet pjes\u00ebmarrja e s\u00eb paku 80 deputet\u00ebve n\u00eb votim nga 120 sa i ka gjithsej Kuvendi i Kosov\u00ebs.<\/p>\n<p>N\u00eb dy rundet e para nevojiten 80 vota, nd\u00ebrsa n\u00eb t\u00eb tretin 61, me s\u00eb paku 80 deputet\u00eb t\u00eb pranish\u00ebm n\u00eb sall\u00eb.<\/p>\n<p>N\u00ebse presidenti nuk zgjidhet as n\u00eb rundin e tret\u00eb, sipas Kushtetut\u00ebs, Kuvendi shp\u00ebrndahet dhe zgjedhjet e reja duhet t\u00eb mbahen brenda 45 dit\u00ebsh.<\/p>\n","protected":false},"excerpt":{"rendered":"<p>Postin e ushtruesit t\u00eb detyr\u00ebs s\u00eb presidentit t\u00eb Kosov\u00ebs, Albulena Haxhiu, do t\u2019ia dor\u00ebzoj\u00eb kryetarit t\u00eb ri t\u00eb Kuvendit q\u00eb do t\u00eb zgjidhet nga legjislatura e nj\u00ebmb\u00ebdhjet\u00eb. N\u00eb nj\u00eb p\u00ebrgjigje p\u00ebr Radion Evropa e Lir\u00eb, nga Presidenca e Kosov\u00ebs than\u00eb se vendi nuk mund t\u00eb mbetet pa ushtrues detyre t\u00eb presidentit. \u201cMe zgjedhjen e kryetarit [&hellip;]<\/p>\n","protected":false},"author":1,"featured_media":243029,"comment_status":"closed","ping_status":"closed","sticky":false,"template":"","format":"standard","meta":{"footnotes":""},"categories":[5],"tags":[],"tmauthors":[136],"class_list":["post-243028","post","type-post","status-publish","format-standard","has-post-thumbnail","category-lajme"],"_links":{"self":[{"href":"https:\/\/radiostargjilan.com\/web\/wp-json\/wp\/v2\/posts\/243028","targetHints":{"allow":["GET"]}}],"collection":[{"href":"https:\/\/radiostargjilan.com\/web\/wp-json\/wp\/v2\/posts"}],"about":[{"href":"https:\/\/radiostargjilan.com\/web\/wp-json\/wp\/v2\/types\/post"}],"author":[{"embeddable":true,"href":"https:\/\/radiostargjilan.com\/web\/wp-json\/wp\/v2\/users\/1"}],"replies":[{"embeddable":true,"href":"https:\/\/radiostargjilan.com\/web\/wp-json\/wp\/v2\/comments?post=243028"}],"version-history":[{"count":1,"href":"https:\/\/radiostargjilan.com\/web\/wp-json\/wp\/v2\/posts\/243028\/revisions"}],"predecessor-version":[{"id":243030,"href":"https:\/\/radiostargjilan.com\/web\/wp-json\/wp\/v2\/posts\/243028\/revisions\/243030"}],"wp:featuredmedia":[{"embeddable":true,"href":"https:\/\/radiostargjilan.com\/web\/wp-json\/wp\/v2\/media\/243029"}],"wp:attachment":[{"href":"https:\/\/radiostargjilan.com\/web\/wp-json\/wp\/v2\/media?parent=243028"}],"wp:term":[{"taxonomy":"category","embeddable":true,"href":"https:\/\/radiostargjilan.com\/web\/wp-json\/wp\/v2\/categories?post=243028"},{"taxonomy":"post_tag","embeddable":true,"href":"https:\/\/radiostargjilan.com\/web\/wp-json\/wp\/v2\/tags?post=243028"},{"taxonomy":"tmauthors","embeddable":true,"href":"https:\/\/radiostargjilan.com\/web\/wp-json\/wp\/v2\/tmauthors?post=243028"}],"curies":[{"name":"wp","href":"https:\/\/api.w.org\/{rel}","templated":true}]}}