{"id":243031,"date":"2026-09-03T18:49:29","date_gmt":"2026-09-03T16:49:29","guid":{"rendered":"https:\/\/radiostargjilan.com\/web\/?p=243031"},"modified":"2026-09-03T18:49:29","modified_gmt":"2026-09-03T16:49:29","slug":"scharping-dokumentoi-krimet-e-regjimit-te-millosheviqit-e-falenderon-kurti","status":"publish","type":"post","link":"https:\/\/radiostargjilan.com\/web\/scharping-dokumentoi-krimet-e-regjimit-te-millosheviqit-e-falenderon-kurti\/","title":{"rendered":"Scharping dokumentoi krimet e regjimit t\u00eb Millosheviqit, e fal\u00ebnderon Kurti"},"content":{"rendered":"<p>Kryeministri n\u00eb detyr\u00eb i Republik\u00ebs s\u00eb Kosov\u00ebs, Albin Kurti, ka pritur n\u00eb takim ish-ministrin e Mbrojtjes t\u00eb Republik\u00ebs Federale t\u00eb Gjermanis\u00eb, Rudolf Scharping, i cili ka sh\u00ebrbyer n\u00eb k\u00ebt\u00eb pozit\u00eb gjat\u00eb periudh\u00ebs 1998\u20132002.<\/p>\n<p>Kryeministri Kurti e fal\u00ebnderoi Scharping p\u00ebr rolin e tij jetik dhe kontributin e \u00e7muar n\u00eb bashk\u00ebrendimin e veprimeve politike e ushtarake t\u00eb Gjermanis\u00eb me aleat\u00ebt e NATO-s gjat\u00eb nd\u00ebrhyrjes s\u00eb vitit 1999, duke theksuar se ai i q\u00ebndroi pran\u00eb popullit t\u00eb Kosov\u00ebs n\u00eb koh\u00ebt m\u00eb t\u00eb v\u00ebshtira.<\/p>\n<p>\u201cDenoncimi i planit \u2018Patkoi\u2019, sikurse vrasjeve, masakrave, spastrimit etnik dhe gjenocidit t\u00eb Serbis\u00eb ndaj shqiptar\u00ebve n\u00eb luft\u00ebn e fundit n\u00eb Kosov\u00eb, krahas k\u00ebmb\u00ebngul\u00ebsis\u00eb n\u00eb argumentimin p\u00ebr nd\u00ebrhyrjen e NATO-s, jan\u00eb q\u00ebndrime q\u00eb ish-ministrin e Mbrojtjes t\u00eb Gjermanis\u00eb, Rudolf Scharping, e vendosin n\u00eb an\u00ebn e drejt\u00eb t\u00eb historis\u00eb p\u00ebrgjithmon\u00eb\u201d, u shpreh Kurti.<\/p>\n<p>N\u00eb takimi u ve\u00e7ua gjithashtu libri i tij me kujtime, \u201cWir d\u00fcrfen nicht wegsehen: Der Kosovo-Krieg und Europa\u201d, ku Scharping dokumenton vuajtjet e popullit shqiptar dhe krimet e regjimit t\u00eb Sllobodan Millosheviqit.<\/p>\n","protected":false},"excerpt":{"rendered":"<p>Kryeministri n\u00eb detyr\u00eb i Republik\u00ebs s\u00eb Kosov\u00ebs, Albin Kurti, ka pritur n\u00eb takim ish-ministrin e Mbrojtjes t\u00eb Republik\u00ebs Federale t\u00eb Gjermanis\u00eb, Rudolf Scharping, i cili ka sh\u00ebrbyer n\u00eb k\u00ebt\u00eb pozit\u00eb gjat\u00eb periudh\u00ebs 1998\u20132002. Kryeministri Kurti e fal\u00ebnderoi Scharping p\u00ebr rolin e tij jetik dhe kontributin e \u00e7muar n\u00eb bashk\u00ebrendimin e veprimeve politike e ushtarake t\u00eb [&hellip;]<\/p>\n","protected":false},"author":1,"featured_media":243032,"comment_status":"closed","ping_status":"closed","sticky":false,"template":"","format":"standard","meta":{"footnotes":""},"categories":[5],"tags":[],"tmauthors":[136],"class_list":["post-243031","post","type-post","status-publish","format-standard","has-post-thumbnail","category-lajme"],"_links":{"self":[{"href":"https:\/\/radiostargjilan.com\/web\/wp-json\/wp\/v2\/posts\/243031","targetHints":{"allow":["GET"]}}],"collection":[{"href":"https:\/\/radiostargjilan.com\/web\/wp-json\/wp\/v2\/posts"}],"about":[{"href":"https:\/\/radiostargjilan.com\/web\/wp-json\/wp\/v2\/types\/post"}],"author":[{"embeddable":true,"href":"https:\/\/radiostargjilan.com\/web\/wp-json\/wp\/v2\/users\/1"}],"replies":[{"embeddable":true,"href":"https:\/\/radiostargjilan.com\/web\/wp-json\/wp\/v2\/comments?post=243031"}],"version-history":[{"count":1,"href":"https:\/\/radiostargjilan.com\/web\/wp-json\/wp\/v2\/posts\/243031\/revisions"}],"predecessor-version":[{"id":243033,"href":"https:\/\/radiostargjilan.com\/web\/wp-json\/wp\/v2\/posts\/243031\/revisions\/243033"}],"wp:featuredmedia":[{"embeddable":true,"href":"https:\/\/radiostargjilan.com\/web\/wp-json\/wp\/v2\/media\/243032"}],"wp:attachment":[{"href":"https:\/\/radiostargjilan.com\/web\/wp-json\/wp\/v2\/media?parent=243031"}],"wp:term":[{"taxonomy":"category","embeddable":true,"href":"https:\/\/radiostargjilan.com\/web\/wp-json\/wp\/v2\/categories?post=243031"},{"taxonomy":"post_tag","embeddable":true,"href":"https:\/\/radiostargjilan.com\/web\/wp-json\/wp\/v2\/tags?post=243031"},{"taxonomy":"tmauthors","embeddable":true,"href":"https:\/\/radiostargjilan.com\/web\/wp-json\/wp\/v2\/tmauthors?post=243031"}],"curies":[{"name":"wp","href":"https:\/\/api.w.org\/{rel}","templated":true}]}}