{"id":243034,"date":"2026-09-03T19:30:45","date_gmt":"2026-09-03T17:30:45","guid":{"rendered":"https:\/\/radiostargjilan.com\/web\/?p=243034"},"modified":"2026-09-03T19:30:45","modified_gmt":"2026-09-03T17:30:45","slug":"neser-nuk-ka-kufizime-per-automjetet-e-transportit-te-mallrave-mbi-20-tone","status":"publish","type":"post","link":"https:\/\/radiostargjilan.com\/web\/neser-nuk-ka-kufizime-per-automjetet-e-transportit-te-mallrave-mbi-20-tone\/","title":{"rendered":"Nes\u00ebr nuk ka kufizime p\u00ebr automjetet e transportit t\u00eb mallrave mbi 20 ton\u00eb"},"content":{"rendered":"<p>Ministria e Infrastruktur\u00ebs dhe Transportit ka b\u00ebr\u00eb t\u00eb ditur se gjat\u00eb dit\u00ebs s\u00eb nes\u00ebrme nuk do t\u00eb ket\u00eb kufizime p\u00ebr qarkullimin e automjeteve t\u00eb transportit t\u00eb mallrave mbi 20 ton\u00eb.<\/p>\n<p>Kjo vjen p\u00ebr shkak se, sipas ministris\u00eb, bazuar n\u00eb parashikimin zyrtar t\u00eb temperaturave, nes\u00ebr nuk pritet t\u00eb ket\u00eb temperatura t\u00eb larta sa p\u00ebr ta ndaluar qarkullimin e automjeteve.<\/p>\n<p>\u201cP\u00ebr dit\u00ebn e nes\u00ebrme, nuk do t\u00eb ket\u00eb kufizim t\u00eb qarkullimit p\u00ebr automjetet e transportit t\u00eb mallrave me mas\u00eb totale mbi 20 ton\u00eb. Bazuar n\u00eb parashikimin zyrtar t\u00eb temperaturave, p\u00ebr nes\u00ebr nuk pritet t\u00eb plot\u00ebsohen kushtet e p\u00ebrcaktuara n\u00eb vendimin e Ministris\u00eb s\u00eb Infrastruktur\u00ebs dhe Transportit p\u00ebr zbatimin e kufizimeve t\u00eb p\u00ebrkohshme t\u00eb qarkullimit\u201d, thuhet n\u00eb njoftimin e ministris\u00eb.<\/p>\n","protected":false},"excerpt":{"rendered":"<p>Ministria e Infrastruktur\u00ebs dhe Transportit ka b\u00ebr\u00eb t\u00eb ditur se gjat\u00eb dit\u00ebs s\u00eb nes\u00ebrme nuk do t\u00eb ket\u00eb kufizime p\u00ebr qarkullimin e automjeteve t\u00eb transportit t\u00eb mallrave mbi 20 ton\u00eb. Kjo vjen p\u00ebr shkak se, sipas ministris\u00eb, bazuar n\u00eb parashikimin zyrtar t\u00eb temperaturave, nes\u00ebr nuk pritet t\u00eb ket\u00eb temperatura t\u00eb larta sa p\u00ebr ta ndaluar [&hellip;]<\/p>\n","protected":false},"author":1,"featured_media":242558,"comment_status":"closed","ping_status":"closed","sticky":false,"template":"","format":"standard","meta":{"footnotes":""},"categories":[5],"tags":[],"tmauthors":[136],"class_list":["post-243034","post","type-post","status-publish","format-standard","has-post-thumbnail","category-lajme"],"_links":{"self":[{"href":"https:\/\/radiostargjilan.com\/web\/wp-json\/wp\/v2\/posts\/243034","targetHints":{"allow":["GET"]}}],"collection":[{"href":"https:\/\/radiostargjilan.com\/web\/wp-json\/wp\/v2\/posts"}],"about":[{"href":"https:\/\/radiostargjilan.com\/web\/wp-json\/wp\/v2\/types\/post"}],"author":[{"embeddable":true,"href":"https:\/\/radiostargjilan.com\/web\/wp-json\/wp\/v2\/users\/1"}],"replies":[{"embeddable":true,"href":"https:\/\/radiostargjilan.com\/web\/wp-json\/wp\/v2\/comments?post=243034"}],"version-history":[{"count":1,"href":"https:\/\/radiostargjilan.com\/web\/wp-json\/wp\/v2\/posts\/243034\/revisions"}],"predecessor-version":[{"id":243035,"href":"https:\/\/radiostargjilan.com\/web\/wp-json\/wp\/v2\/posts\/243034\/revisions\/243035"}],"wp:featuredmedia":[{"embeddable":true,"href":"https:\/\/radiostargjilan.com\/web\/wp-json\/wp\/v2\/media\/242558"}],"wp:attachment":[{"href":"https:\/\/radiostargjilan.com\/web\/wp-json\/wp\/v2\/media?parent=243034"}],"wp:term":[{"taxonomy":"category","embeddable":true,"href":"https:\/\/radiostargjilan.com\/web\/wp-json\/wp\/v2\/categories?post=243034"},{"taxonomy":"post_tag","embeddable":true,"href":"https:\/\/radiostargjilan.com\/web\/wp-json\/wp\/v2\/tags?post=243034"},{"taxonomy":"tmauthors","embeddable":true,"href":"https:\/\/radiostargjilan.com\/web\/wp-json\/wp\/v2\/tmauthors?post=243034"}],"curies":[{"name":"wp","href":"https:\/\/api.w.org\/{rel}","templated":true}]}}