{"id":243036,"date":"2026-09-03T20:51:02","date_gmt":"2026-09-03T18:51:02","guid":{"rendered":"https:\/\/radiostargjilan.com\/web\/?p=243036"},"modified":"2026-09-03T20:51:02","modified_gmt":"2026-09-03T18:51:02","slug":"ne-ceremonine-e-varrimit-te-laurent-krasniqit-policia-sqaron-pse-gjobiti-dy-shofere","status":"publish","type":"post","link":"https:\/\/radiostargjilan.com\/web\/ne-ceremonine-e-varrimit-te-laurent-krasniqit-policia-sqaron-pse-gjobiti-dy-shofere\/","title":{"rendered":"N\u00eb ceremonin\u00eb e varrimit t\u00eb Laurent Krasniqit, policia sqaron pse gjobiti dy shofer\u00eb"},"content":{"rendered":"<p>Policia e Kosov\u00ebs ka dh\u00ebn\u00eb sqarime lidhur me angazhimin policor gjat\u00eb ceremonis\u00eb s\u00eb varrimit t\u00eb Laurent Krasniqit, e cila u mbajt sot n\u00eb fshatin Llukar\u00eb t\u00eb Prishtin\u00ebs.<\/p>\n<p>Sipas Policis\u00eb, angazhimi i zyrtar\u00ebve policor\u00eb ishte fokusuar n\u00eb monitorimin e trafikut dhe krijimin e nj\u00eb qarkullimi t\u00eb sigurt n\u00eb rrug\u00ebt q\u00eb \u00e7onin drejt zon\u00ebs ku po mbahej ceremonia.<\/p>\n<p>Policia ka b\u00ebr\u00eb t\u00eb ditur se, fal\u00eb monitorimit dhe ridrejtimit t\u00eb automjeteve, ngarkesa n\u00eb trafik ishte zbutur ndjesh\u00ebm.<\/p>\n<p>Megjithat\u00eb, sipas Policis\u00eb, dy drejtues automjetesh me veprimet e tyre shkaktuan pengesa serioze dhe bllokada n\u00eb trafik.<\/p>\n<p>\u201cL\u00ebshimi i njoftimit p\u00ebr kund\u00ebrvajtje trafiku n\u00eb k\u00ebto dy raste ishte i domosdosh\u00ebm, n\u00eb m\u00ebnyr\u00eb q\u00eb t\u00eb krijohej mund\u00ebsia p\u00ebr t\u2019u hapur rruga\u201d, thuhet n\u00eb njoftimin e Policis\u00eb.<\/p>\n<p>Policia ka fal\u00ebnderuar qytetar\u00ebt p\u00ebr bashk\u00ebpunimin dhe mir\u00ebkuptimin e treguar, duke theksuar se mbetet n\u00eb sh\u00ebrbim t\u00eb tyre p\u00ebr t\u00eb garantuar siguri dhe l\u00ebvizje t\u00eb lir\u00eb.<\/p>\n","protected":false},"excerpt":{"rendered":"<p>Policia e Kosov\u00ebs ka dh\u00ebn\u00eb sqarime lidhur me angazhimin policor gjat\u00eb ceremonis\u00eb s\u00eb varrimit t\u00eb Laurent Krasniqit, e cila u mbajt sot n\u00eb fshatin Llukar\u00eb t\u00eb Prishtin\u00ebs. Sipas Policis\u00eb, angazhimi i zyrtar\u00ebve policor\u00eb ishte fokusuar n\u00eb monitorimin e trafikut dhe krijimin e nj\u00eb qarkullimi t\u00eb sigurt n\u00eb rrug\u00ebt q\u00eb \u00e7onin drejt zon\u00ebs ku po mbahej [&hellip;]<\/p>\n","protected":false},"author":1,"featured_media":243037,"comment_status":"closed","ping_status":"closed","sticky":false,"template":"","format":"standard","meta":{"footnotes":""},"categories":[5],"tags":[],"tmauthors":[136],"class_list":["post-243036","post","type-post","status-publish","format-standard","has-post-thumbnail","category-lajme"],"_links":{"self":[{"href":"https:\/\/radiostargjilan.com\/web\/wp-json\/wp\/v2\/posts\/243036","targetHints":{"allow":["GET"]}}],"collection":[{"href":"https:\/\/radiostargjilan.com\/web\/wp-json\/wp\/v2\/posts"}],"about":[{"href":"https:\/\/radiostargjilan.com\/web\/wp-json\/wp\/v2\/types\/post"}],"author":[{"embeddable":true,"href":"https:\/\/radiostargjilan.com\/web\/wp-json\/wp\/v2\/users\/1"}],"replies":[{"embeddable":true,"href":"https:\/\/radiostargjilan.com\/web\/wp-json\/wp\/v2\/comments?post=243036"}],"version-history":[{"count":1,"href":"https:\/\/radiostargjilan.com\/web\/wp-json\/wp\/v2\/posts\/243036\/revisions"}],"predecessor-version":[{"id":243038,"href":"https:\/\/radiostargjilan.com\/web\/wp-json\/wp\/v2\/posts\/243036\/revisions\/243038"}],"wp:featuredmedia":[{"embeddable":true,"href":"https:\/\/radiostargjilan.com\/web\/wp-json\/wp\/v2\/media\/243037"}],"wp:attachment":[{"href":"https:\/\/radiostargjilan.com\/web\/wp-json\/wp\/v2\/media?parent=243036"}],"wp:term":[{"taxonomy":"category","embeddable":true,"href":"https:\/\/radiostargjilan.com\/web\/wp-json\/wp\/v2\/categories?post=243036"},{"taxonomy":"post_tag","embeddable":true,"href":"https:\/\/radiostargjilan.com\/web\/wp-json\/wp\/v2\/tags?post=243036"},{"taxonomy":"tmauthors","embeddable":true,"href":"https:\/\/radiostargjilan.com\/web\/wp-json\/wp\/v2\/tmauthors?post=243036"}],"curies":[{"name":"wp","href":"https:\/\/api.w.org\/{rel}","templated":true}]}}