{"id":243039,"date":"2026-09-03T21:07:56","date_gmt":"2026-09-03T19:07:56","guid":{"rendered":"https:\/\/radiostargjilan.com\/web\/?p=243039"},"modified":"2026-09-03T21:07:56","modified_gmt":"2026-09-03T19:07:56","slug":"vuciq-vazhdon-me-propagande-e-paraqet-marshin-per-liri-si-kercenim","status":"publish","type":"post","link":"https:\/\/radiostargjilan.com\/web\/vuciq-vazhdon-me-propagande-e-paraqet-marshin-per-liri-si-kercenim\/","title":{"rendered":"Vu\u00e7iq vazhdon me propagand\u00eb, e paraqet Marshin p\u00ebr Liri si k\u00ebrc\u00ebnim"},"content":{"rendered":"<p>N\u00eb prag t\u00eb vendimit p\u00ebr ish-krer\u00ebt e U\u00c7K-s\u00eb, 12 shtatori pritet ta bashkoj\u00eb Kosov\u00ebn n\u00eb shesh, n\u00eb Marshin p\u00ebr Liri \u2018Kosova po Pret\u2019. Por, para se qytetar\u00ebt t\u00eb marshojn\u00eb, Beogradi ka nisur ta shfryt\u00ebzoj\u00eb k\u00ebt\u00eb mobilizim si mjet propagande. Aleksandar Vu\u00e7iq po p\u00ebrpiqet q\u00eb k\u00ebt\u00eb marsh paq\u00ebsor ta paraqes si k\u00ebrc\u00ebnim dhe presion ndaj drejt\u00ebsis\u00eb n\u00eb Hag\u00eb, duke tentuar ta shtremb\u00ebroj\u00eb mesazhin e tij dhe mb\u00ebshtetjen qytetare p\u00ebr U\u00c7K-n\u00eb.<\/p>\n<p>N\u00eb prag t\u00eb vendimit q\u00eb pritet t\u00eb vulos\u00eb fatin e ish-krer\u00ebve t\u00eb U\u00c7K-s\u00eb, Kosova b\u00ebhet bashk\u00eb. M\u00eb 12 shtator, z\u00ebri i saj pritet t\u00eb jehoj\u00eb fuqish\u00ebm nga sheshet e kryeqytetit, ku t\u00eb rinj e t\u00eb moshuar do t\u00eb bashkohen n\u00eb marshin p\u00ebr liri, n\u00ebn moton \u2018Kosova po pret\u2019.<\/p>\n<p>Ky marsh synon t\u00eb p\u00ebrcjell\u00eb nj\u00eb mesazh t\u00eb fuqish\u00ebm mb\u00ebshtetjeje dhe solidariteti p\u00ebr ata q\u00eb p\u00ebrfaq\u00ebsojn\u00eb nj\u00eb nga kapitujt m\u00eb t\u00eb r\u00ebnd\u00ebsish\u00ebm t\u00eb historis\u00eb s\u00eb Kosov\u00ebs. Por, kreu i shtetit i cilit ka deponuar dosje kund\u00ebr ish-krer\u00ebve t\u00eb U\u00c7K-s\u00eb n\u00eb Hag\u00eb, k\u00ebt\u00eb marsh t\u00eb paralajm\u00ebruar n\u00eb Prishtin\u00eb e ka kthyer n\u00eb instrument t\u00eb propagand\u00ebs s\u00eb Beogradit. Presidenti i Serbis\u00eb, Aleksand\u00ebr Vu\u00e7iq e ka paraqitur tubimin si presion ndaj Dhomave t\u00eb Specializuara n\u00eb Hag\u00eb, madje duke pretenduar se nga Prishtina po paralajm\u00ebrohet dhun\u00eb n\u00ebse Hashim Tha\u00e7i, Kadri Veseli, Jakup Krasniqi dhe Rexhep Selimi nuk lirohen.<\/p>\n<p>\u201cJam shum\u00eb i shqet\u00ebsuar sepse shqiptar\u00ebt kan\u00eb caktuar nj\u00eb \u2018Marsh p\u00ebr Liri\u2019, si\u00e7 e kan\u00eb quajtur, p\u00ebr 12 shtatorin, duke pritur q\u00eb Hashim Tha\u00e7i, Kadri Veseli dhe t\u00eb tjer\u00ebt t\u00eb lirohen. Ata paralajm\u00ebrojn\u00eb dhun\u00eb dhe ushtrojn\u00eb presion ndaj gjykat\u00ebs n\u00ebse kjo nuk ndodh&#8221;, ka deklaruar Vu\u00e7iq.<\/p>\n<p>Por, k\u00ebto deklarata t\u00eb Vu\u00e7iqit, n\u00eb organizat\u00ebn e Veteran\u00ebve t\u00eb U\u00c7K-s\u00eb, shihen si nj\u00eb narrativ\u00eb q\u00eb synon ta paraqes\u00eb \u00e7do mobilizim qytetar n\u00eb Kosov\u00eb si k\u00ebrc\u00ebnim, nd\u00ebrsa vet\u00eb procesin ndaj ish-krer\u00ebve t\u00eb U\u00c7K-s\u00eb si nj\u00eb \u00e7\u00ebshtje q\u00eb duhet t\u00eb prodhoj\u00eb domosdoshm\u00ebrisht d\u00ebnime.<\/p>\n<p>\u201cArsyeja \u00ebsht\u00eb q\u00eb t\u00eb kontestohet lufta jon\u00eb, t\u00eb kontestohet p\u00ebrkrahja nd\u00ebrkomb\u00ebtare, t\u00eb kontestohet NATO, t\u00eb kontestohet e gjith\u00eb kjo e arritur e populli ton\u00eb deri sot. Prandaj, kjo \u00ebsht\u00eb nj\u00eb propagand\u00eb e eg\u00ebr q\u00eb me \u00e7do kusht k\u00ebrkon d\u00ebnimin e tyre sepse d\u00ebnimi i krer\u00ebve t\u00eb U\u00c7K-s\u00eb \u00ebsht\u00eb d\u00ebnim i pavar\u00ebsis\u00eb s\u00eb Kosov\u00ebs, \u00ebsht\u00eb d\u00ebnim i shtet\u00ebsis\u00eb, i historis\u00eb dhe i luft\u00ebs ton\u00eb&#8221;, tha Fatmir Sopi, n\u00ebnkryetar i OVL t\u00eb U\u00c7K-s\u00eb.<\/p>\n<p>E ata q\u00eb merren me luft\u00ebn hibride dhe propagand\u00ebn e vazhdueshme t\u00eb Serbis\u00eb thon\u00eb se duhet t\u00eb artikulohet qart\u00eb q\u00ebndrimi i Kosov\u00ebs p\u00ebr luft\u00ebn e U\u00c7K-s\u00eb, t\u00eb mbrohet e v\u00ebrteta historike dhe t\u00eb kund\u00ebrshtohen narrativat q\u00eb synojn\u00eb ta paraqesin luft\u00ebn \u00e7lirimtare si projekt kriminal.<\/p>\n<p>&#8220;Do t\u00eb duhej t\u00eb organizoheshim si shoq\u00ebri n\u00eb rrjete sociale, n\u00eb media, n\u00eb institucione t\u00eb ndryshme, t\u00eb cilat do t\u00eb deklaronin t\u00eb v\u00ebrtet\u00ebn p\u00ebr U\u00c7K-n\u00eb p\u00ebr mbrojtjen e tyre p\u00ebr mbrojtjen e drejt t\u00eb luft\u00eb s\u00eb U\u00c7K-s\u00eb dhe pafaj\u00ebsin\u00eb e Kosov\u00ebs si t\u00ebr\u00ebsi, e mbi t\u00eb gjitha edhe duke p\u00ebrmendur vendimin e GJND-s\u00eb, e cila ka dh\u00ebn\u00eb verdiktin dhe nj\u00eb opinion pro Kosov\u00ebs me k\u00ebrkes\u00ebn e vet Serbis\u00eb\u201d, tha Guraku\u00e7 Ku\u00e7i nga Instituti \u2018Octopus\u2019.<\/p>\n<p>Sidoqoft\u00eb, 12 shtatori pritet t\u00eb jet\u00eb pik\u00ebrisht shprehje e k\u00ebtij q\u00ebndrimi , nj\u00eb mobilizim paq\u00ebsor n\u00eb mb\u00ebshtetje t\u00eb ish-krer\u00ebve t\u00eb U\u00c7K-s\u00eb, por edhe nj\u00eb mesazh se historia e Kosov\u00ebs nuk mund t\u00eb p\u00ebrcaktohet nga narrativat e Beogradit.\/rtk\/<\/p>\n","protected":false},"excerpt":{"rendered":"<p>N\u00eb prag t\u00eb vendimit p\u00ebr ish-krer\u00ebt e U\u00c7K-s\u00eb, 12 shtatori pritet ta bashkoj\u00eb Kosov\u00ebn n\u00eb shesh, n\u00eb Marshin p\u00ebr Liri \u2018Kosova po Pret\u2019. Por, para se qytetar\u00ebt t\u00eb marshojn\u00eb, Beogradi ka nisur ta shfryt\u00ebzoj\u00eb k\u00ebt\u00eb mobilizim si mjet propagande. Aleksandar Vu\u00e7iq po p\u00ebrpiqet q\u00eb k\u00ebt\u00eb marsh paq\u00ebsor ta paraqes si k\u00ebrc\u00ebnim dhe presion ndaj drejt\u00ebsis\u00eb [&hellip;]<\/p>\n","protected":false},"author":1,"featured_media":243040,"comment_status":"closed","ping_status":"closed","sticky":false,"template":"","format":"standard","meta":{"footnotes":""},"categories":[5],"tags":[],"tmauthors":[136],"class_list":["post-243039","post","type-post","status-publish","format-standard","has-post-thumbnail","category-lajme"],"_links":{"self":[{"href":"https:\/\/radiostargjilan.com\/web\/wp-json\/wp\/v2\/posts\/243039","targetHints":{"allow":["GET"]}}],"collection":[{"href":"https:\/\/radiostargjilan.com\/web\/wp-json\/wp\/v2\/posts"}],"about":[{"href":"https:\/\/radiostargjilan.com\/web\/wp-json\/wp\/v2\/types\/post"}],"author":[{"embeddable":true,"href":"https:\/\/radiostargjilan.com\/web\/wp-json\/wp\/v2\/users\/1"}],"replies":[{"embeddable":true,"href":"https:\/\/radiostargjilan.com\/web\/wp-json\/wp\/v2\/comments?post=243039"}],"version-history":[{"count":1,"href":"https:\/\/radiostargjilan.com\/web\/wp-json\/wp\/v2\/posts\/243039\/revisions"}],"predecessor-version":[{"id":243041,"href":"https:\/\/radiostargjilan.com\/web\/wp-json\/wp\/v2\/posts\/243039\/revisions\/243041"}],"wp:featuredmedia":[{"embeddable":true,"href":"https:\/\/radiostargjilan.com\/web\/wp-json\/wp\/v2\/media\/243040"}],"wp:attachment":[{"href":"https:\/\/radiostargjilan.com\/web\/wp-json\/wp\/v2\/media?parent=243039"}],"wp:term":[{"taxonomy":"category","embeddable":true,"href":"https:\/\/radiostargjilan.com\/web\/wp-json\/wp\/v2\/categories?post=243039"},{"taxonomy":"post_tag","embeddable":true,"href":"https:\/\/radiostargjilan.com\/web\/wp-json\/wp\/v2\/tags?post=243039"},{"taxonomy":"tmauthors","embeddable":true,"href":"https:\/\/radiostargjilan.com\/web\/wp-json\/wp\/v2\/tmauthors?post=243039"}],"curies":[{"name":"wp","href":"https:\/\/api.w.org\/{rel}","templated":true}]}}