{"id":243042,"date":"2026-09-03T21:20:52","date_gmt":"2026-09-03T19:20:52","guid":{"rendered":"https:\/\/radiostargjilan.com\/web\/?p=243042"},"modified":"2026-09-03T21:20:52","modified_gmt":"2026-09-03T19:20:52","slug":"komuna-e-kamenices-vazhdon-bashkepunimin-me-komunen-e-mustafakemalpasa-ne-turqi","status":"publish","type":"post","link":"https:\/\/radiostargjilan.com\/web\/komuna-e-kamenices-vazhdon-bashkepunimin-me-komunen-e-mustafakemalpasa-ne-turqi\/","title":{"rendered":"Komuna e Kamenic\u00ebs vazhdon bashk\u00ebpunimin me Komun\u00ebn e Mustafakemalpa\u015fa n\u00eb Turqi"},"content":{"rendered":"<p>Kryetari i Komun\u00ebs s\u00eb Kamenic\u00ebs, Kadri Rahimaj, s\u00eb bashku me Kryesuesen e Kuvendit Komunal, Arbnore Beqiraj-Fera, dhe Drejtorin Zotrim Kastrati, po vazhdojn\u00eb vizit\u00ebn zyrtare n\u00eb Turqi, me q\u00ebllim t\u00eb forcimit t\u00eb bashk\u00ebpunimit nd\u00ebrinstitucional, shk\u00ebmbimit t\u00eb p\u00ebrvojave dhe avancimit t\u00eb marr\u00ebdh\u00ebnieve nd\u00ebrmjet dy komunave.<\/p>\n<p>Gjat\u00eb k\u00ebsaj vizite, Kryetari Rahimaj s\u00eb bashku me stafin e tij zhvilloi nj\u00eb takim me Kryetarin e Komun\u00ebs s\u00eb Mustafakemalpa\u015fa, z. \u015e\u00fckr\u00fc Erdem, ku u diskutua p\u00ebr mund\u00ebsit\u00eb e zgjerimit dhe konkretizimit t\u00eb bashk\u00ebpunimit n\u00eb fusha me interes t\u00eb p\u00ebrbashk\u00ebt, me fokus t\u00eb ve\u00e7ant\u00eb n\u00eb sektorin e arsimit.<\/p>\n<p>N\u00eb kuad\u00ebr t\u00eb vizit\u00ebs, Kryetari Rahimaj u prit edhe nga Guvernatori i Mustafakemalpa\u015fa, z. Mehmet Okur ku gjat\u00eb takimit u diskutua p\u00ebr praktikat dhe modelet e aplikuara n\u00eb sistemin arsimor, me theks t\u00eb ve\u00e7ant\u00eb n\u00eb arsimin gjith\u00ebditor dhe aft\u00ebsimin profesional. Gjat\u00eb bised\u00ebs, shk\u00ebmbimi i p\u00ebrvojave n\u00eb k\u00ebto fusha u vler\u00ebsua si nj\u00eb mund\u00ebsi e r\u00ebnd\u00ebsishme p\u00ebr forcimin e bashk\u00ebpunimit dhe krijimin e praktikave t\u00eb reja q\u00eb mund t\u00eb zbatohen n\u00eb t\u00eb dyja komunat.<\/p>\n<p>Kryetari Rahimaj po ashtu  vizitoi edhe dy shkolla dhe pun\u00ebtori t\u00eb aft\u00ebsimit profesional, me t\u00eb cilat tashm\u00eb ekziston bashk\u00ebpunim nd\u00ebrmjet dy komunave. Gjat\u00eb k\u00ebtyre vizitave, p\u00ebrfaq\u00ebsuesit e Komun\u00ebs s\u00eb Kamenic\u00ebs u njoh\u00ebn nga af\u00ebr me m\u00ebnyr\u00ebn e organizimit t\u00eb m\u00ebsimit, modelet e arsimit gjith\u00ebditor, si dhe me praktikat e aft\u00ebsimit profesional dhe p\u00ebrgatitjes s\u00eb t\u00eb rinjve p\u00ebr tregun e pun\u00ebs.<\/p>\n<p>Programi i vizit\u00ebs zyrtare u p\u00ebrmbyll me vizit\u00ebn n\u00eb Qendr\u00ebn Kulturore dhe Kompleksin Sportiv t\u00eb Mustafakemalpa\u015fa, ku gjat\u00eb gjith\u00eb vitit zhvillohen aktivitete n\u00eb 18 disiplina sportive. Kjo vizit\u00eb sh\u00ebrbeu edhe si mund\u00ebsi p\u00ebr shk\u00ebmbimin e p\u00ebrvojave n\u00eb fush\u00ebn e kultur\u00ebs, sportit dhe aktiviteteve p\u00ebr t\u00eb rinjt\u00eb.<\/p>\n<p>Kryetari i Komun\u00ebs s\u00eb Kamenic\u00ebs, Kadri Rahimaj, ka shprehur mir\u00ebnjohjen e tij p\u00ebr mikpritjen dhe bashk\u00ebpunimin e treguar gjat\u00eb k\u00ebsaj vizite, duke fal\u00ebnderuar n\u00eb ve\u00e7anti z. Albert Selishta dhe z. Rexhep Krivaqa p\u00ebr kontributin, bashk\u00ebpunimin dhe koordinimin e takimeve dhe aktiviteteve t\u00eb zhvilluara gjat\u00eb vizit\u00ebs zyrtare.<\/p>\n<p>Komuna e Kamenic\u00ebs mbetet e p\u00ebrkushtuar p\u00ebr thellimin e bashk\u00ebpunimit me partner\u00ebt nd\u00ebrkomb\u00ebtar\u00eb, me synim shk\u00ebmbimin e praktikave t\u00eb mira dhe krijimin e mund\u00ebsive t\u00eb reja p\u00ebr zhvillimin e arsimit, aft\u00ebsimit profesional, kultur\u00ebs dhe sportit.<\/p>\n","protected":false},"excerpt":{"rendered":"<p>Kryetari i Komun\u00ebs s\u00eb Kamenic\u00ebs, Kadri Rahimaj, s\u00eb bashku me Kryesuesen e Kuvendit Komunal, Arbnore Beqiraj-Fera, dhe Drejtorin Zotrim Kastrati, po vazhdojn\u00eb vizit\u00ebn zyrtare n\u00eb Turqi, me q\u00ebllim t\u00eb forcimit t\u00eb bashk\u00ebpunimit nd\u00ebrinstitucional, shk\u00ebmbimit t\u00eb p\u00ebrvojave dhe avancimit t\u00eb marr\u00ebdh\u00ebnieve nd\u00ebrmjet dy komunave. Gjat\u00eb k\u00ebsaj vizite, Kryetari Rahimaj s\u00eb bashku me stafin e tij zhvilloi [&hellip;]<\/p>\n","protected":false},"author":1,"featured_media":243043,"comment_status":"closed","ping_status":"closed","sticky":false,"template":"","format":"standard","meta":{"footnotes":""},"categories":[5],"tags":[],"tmauthors":[136],"class_list":["post-243042","post","type-post","status-publish","format-standard","has-post-thumbnail","category-lajme"],"_links":{"self":[{"href":"https:\/\/radiostargjilan.com\/web\/wp-json\/wp\/v2\/posts\/243042","targetHints":{"allow":["GET"]}}],"collection":[{"href":"https:\/\/radiostargjilan.com\/web\/wp-json\/wp\/v2\/posts"}],"about":[{"href":"https:\/\/radiostargjilan.com\/web\/wp-json\/wp\/v2\/types\/post"}],"author":[{"embeddable":true,"href":"https:\/\/radiostargjilan.com\/web\/wp-json\/wp\/v2\/users\/1"}],"replies":[{"embeddable":true,"href":"https:\/\/radiostargjilan.com\/web\/wp-json\/wp\/v2\/comments?post=243042"}],"version-history":[{"count":1,"href":"https:\/\/radiostargjilan.com\/web\/wp-json\/wp\/v2\/posts\/243042\/revisions"}],"predecessor-version":[{"id":243044,"href":"https:\/\/radiostargjilan.com\/web\/wp-json\/wp\/v2\/posts\/243042\/revisions\/243044"}],"wp:featuredmedia":[{"embeddable":true,"href":"https:\/\/radiostargjilan.com\/web\/wp-json\/wp\/v2\/media\/243043"}],"wp:attachment":[{"href":"https:\/\/radiostargjilan.com\/web\/wp-json\/wp\/v2\/media?parent=243042"}],"wp:term":[{"taxonomy":"category","embeddable":true,"href":"https:\/\/radiostargjilan.com\/web\/wp-json\/wp\/v2\/categories?post=243042"},{"taxonomy":"post_tag","embeddable":true,"href":"https:\/\/radiostargjilan.com\/web\/wp-json\/wp\/v2\/tags?post=243042"},{"taxonomy":"tmauthors","embeddable":true,"href":"https:\/\/radiostargjilan.com\/web\/wp-json\/wp\/v2\/tmauthors?post=243042"}],"curies":[{"name":"wp","href":"https:\/\/api.w.org\/{rel}","templated":true}]}}