{"id":243046,"date":"2026-09-03T22:15:15","date_gmt":"2026-09-03T20:15:15","guid":{"rendered":"https:\/\/radiostargjilan.com\/web\/?p=243046"},"modified":"2026-09-03T22:15:15","modified_gmt":"2026-09-03T20:15:15","slug":"shala-pas-kritikave-te-abdixhikut-njerezit-e-lire-e-percaktojne-rrugen-e-ldk-se","status":"publish","type":"post","link":"https:\/\/radiostargjilan.com\/web\/shala-pas-kritikave-te-abdixhikut-njerezit-e-lire-e-percaktojne-rrugen-e-ldk-se\/","title":{"rendered":"Shala pas kritikave t\u00eb Abdixhikut: Njer\u00ebzit e lir\u00eb e p\u00ebrcaktojn\u00eb rrug\u00ebn e LDK-s\u00eb"},"content":{"rendered":"<p>Deputeti i Lidhjes Demokratike t\u00eb Kosov\u00ebs, Kujtim Shala, ka reaguar s\u00ebrish lidhur me zhvillimet e fundit brenda partis\u00eb.<\/p>\n<p>Shala \u00ebsht\u00eb nj\u00ebri nga gjasht\u00eb deputet\u00ebt e LDK-s\u00eb q\u00eb kan\u00eb deklaruar se nuk do ta votojn\u00eb Bekim Sejdiun p\u00ebr president t\u00eb Kosov\u00ebs.<\/p>\n<p>Njer\u00ebzit\ufffc e lir\u00eb, p\u00ebrcaktues t\u00eb rrug\u00ebs s\u00eb p\u00ebrjetshme t\u00eb LDK-s\u00eb\u201d ka shkruar ai.<\/p>\n<p>Pas k\u00ebtij q\u00ebndrimi, kryetari i LDK-s\u00eb, Lumir Abdixhiku, i kritikoi deputet\u00ebt, duke deklaruar se ata nuk po e respektojn\u00eb vullnetin e shumic\u00ebs s\u00eb partis\u00eb.<\/p>\n","protected":false},"excerpt":{"rendered":"<p>Deputeti i Lidhjes Demokratike t\u00eb Kosov\u00ebs, Kujtim Shala, ka reaguar s\u00ebrish lidhur me zhvillimet e fundit brenda partis\u00eb. Shala \u00ebsht\u00eb nj\u00ebri nga gjasht\u00eb deputet\u00ebt e LDK-s\u00eb q\u00eb kan\u00eb deklaruar se nuk do ta votojn\u00eb Bekim Sejdiun p\u00ebr president t\u00eb Kosov\u00ebs. Njer\u00ebzit\ufffc e lir\u00eb, p\u00ebrcaktues t\u00eb rrug\u00ebs s\u00eb p\u00ebrjetshme t\u00eb LDK-s\u00eb\u201d ka shkruar ai. Pas k\u00ebtij [&hellip;]<\/p>\n","protected":false},"author":1,"featured_media":243047,"comment_status":"closed","ping_status":"closed","sticky":false,"template":"","format":"standard","meta":{"footnotes":""},"categories":[5],"tags":[],"tmauthors":[136],"class_list":["post-243046","post","type-post","status-publish","format-standard","has-post-thumbnail","category-lajme"],"_links":{"self":[{"href":"https:\/\/radiostargjilan.com\/web\/wp-json\/wp\/v2\/posts\/243046","targetHints":{"allow":["GET"]}}],"collection":[{"href":"https:\/\/radiostargjilan.com\/web\/wp-json\/wp\/v2\/posts"}],"about":[{"href":"https:\/\/radiostargjilan.com\/web\/wp-json\/wp\/v2\/types\/post"}],"author":[{"embeddable":true,"href":"https:\/\/radiostargjilan.com\/web\/wp-json\/wp\/v2\/users\/1"}],"replies":[{"embeddable":true,"href":"https:\/\/radiostargjilan.com\/web\/wp-json\/wp\/v2\/comments?post=243046"}],"version-history":[{"count":1,"href":"https:\/\/radiostargjilan.com\/web\/wp-json\/wp\/v2\/posts\/243046\/revisions"}],"predecessor-version":[{"id":243048,"href":"https:\/\/radiostargjilan.com\/web\/wp-json\/wp\/v2\/posts\/243046\/revisions\/243048"}],"wp:featuredmedia":[{"embeddable":true,"href":"https:\/\/radiostargjilan.com\/web\/wp-json\/wp\/v2\/media\/243047"}],"wp:attachment":[{"href":"https:\/\/radiostargjilan.com\/web\/wp-json\/wp\/v2\/media?parent=243046"}],"wp:term":[{"taxonomy":"category","embeddable":true,"href":"https:\/\/radiostargjilan.com\/web\/wp-json\/wp\/v2\/categories?post=243046"},{"taxonomy":"post_tag","embeddable":true,"href":"https:\/\/radiostargjilan.com\/web\/wp-json\/wp\/v2\/tags?post=243046"},{"taxonomy":"tmauthors","embeddable":true,"href":"https:\/\/radiostargjilan.com\/web\/wp-json\/wp\/v2\/tmauthors?post=243046"}],"curies":[{"name":"wp","href":"https:\/\/api.w.org\/{rel}","templated":true}]}}