{"id":243058,"date":"2026-09-04T07:00:20","date_gmt":"2026-09-04T05:00:20","guid":{"rendered":"https:\/\/radiostargjilan.com\/web\/?p=243058"},"modified":"2026-09-04T07:00:20","modified_gmt":"2026-09-04T05:00:20","slug":"kreu-i-kfor-it-pret-shefin-e-ri-te-eulex-it-diskutojne-per-sigurine-ne-kosove","status":"publish","type":"post","link":"https:\/\/radiostargjilan.com\/web\/kreu-i-kfor-it-pret-shefin-e-ri-te-eulex-it-diskutojne-per-sigurine-ne-kosove\/","title":{"rendered":"Kreu i KFOR-it pret shefin e ri t\u00eb EULEX-it, diskutojn\u00eb p\u00ebr sigurin\u00eb n\u00eb Kosov\u00eb"},"content":{"rendered":"<p>Komandanti i KFOR-it, Ozkan Ulutash, ka pritur n\u00eb selin\u00eb e KFOR-it n\u00eb kampin &#8220;Film City\u201d n\u00eb Prishtin\u00eb shefin e ri t\u00eb EULEX-it, Antero Lopes.<\/p>\n<p>Gjat\u00eb takimit \u00ebsht\u00eb diskutuar p\u00ebr situat\u00ebn e siguris\u00eb n\u00eb Kosov\u00eb dhe p\u00ebr forcimin e bashk\u00ebpunimit mes dy misioneve.<\/p>\n<p>Ulutash ka shprehur vler\u00ebsimin p\u00ebr bashk\u00ebpunimin e vazhduesh\u00ebm mes KFOR-it dhe EULEX-it.<\/p>\n","protected":false},"excerpt":{"rendered":"<p>Komandanti i KFOR-it, Ozkan Ulutash, ka pritur n\u00eb selin\u00eb e KFOR-it n\u00eb kampin &#8220;Film City\u201d n\u00eb Prishtin\u00eb shefin e ri t\u00eb EULEX-it, Antero Lopes. Gjat\u00eb takimit \u00ebsht\u00eb diskutuar p\u00ebr situat\u00ebn e siguris\u00eb n\u00eb Kosov\u00eb dhe p\u00ebr forcimin e bashk\u00ebpunimit mes dy misioneve. Ulutash ka shprehur vler\u00ebsimin p\u00ebr bashk\u00ebpunimin e vazhduesh\u00ebm mes KFOR-it dhe EULEX-it.<\/p>\n","protected":false},"author":1,"featured_media":243059,"comment_status":"closed","ping_status":"closed","sticky":false,"template":"","format":"standard","meta":{"footnotes":""},"categories":[5],"tags":[],"tmauthors":[136],"class_list":["post-243058","post","type-post","status-publish","format-standard","has-post-thumbnail","category-lajme"],"_links":{"self":[{"href":"https:\/\/radiostargjilan.com\/web\/wp-json\/wp\/v2\/posts\/243058","targetHints":{"allow":["GET"]}}],"collection":[{"href":"https:\/\/radiostargjilan.com\/web\/wp-json\/wp\/v2\/posts"}],"about":[{"href":"https:\/\/radiostargjilan.com\/web\/wp-json\/wp\/v2\/types\/post"}],"author":[{"embeddable":true,"href":"https:\/\/radiostargjilan.com\/web\/wp-json\/wp\/v2\/users\/1"}],"replies":[{"embeddable":true,"href":"https:\/\/radiostargjilan.com\/web\/wp-json\/wp\/v2\/comments?post=243058"}],"version-history":[{"count":1,"href":"https:\/\/radiostargjilan.com\/web\/wp-json\/wp\/v2\/posts\/243058\/revisions"}],"predecessor-version":[{"id":243060,"href":"https:\/\/radiostargjilan.com\/web\/wp-json\/wp\/v2\/posts\/243058\/revisions\/243060"}],"wp:featuredmedia":[{"embeddable":true,"href":"https:\/\/radiostargjilan.com\/web\/wp-json\/wp\/v2\/media\/243059"}],"wp:attachment":[{"href":"https:\/\/radiostargjilan.com\/web\/wp-json\/wp\/v2\/media?parent=243058"}],"wp:term":[{"taxonomy":"category","embeddable":true,"href":"https:\/\/radiostargjilan.com\/web\/wp-json\/wp\/v2\/categories?post=243058"},{"taxonomy":"post_tag","embeddable":true,"href":"https:\/\/radiostargjilan.com\/web\/wp-json\/wp\/v2\/tags?post=243058"},{"taxonomy":"tmauthors","embeddable":true,"href":"https:\/\/radiostargjilan.com\/web\/wp-json\/wp\/v2\/tmauthors?post=243058"}],"curies":[{"name":"wp","href":"https:\/\/api.w.org\/{rel}","templated":true}]}}