{"id":243062,"date":"2026-09-04T07:38:17","date_gmt":"2026-09-04T05:38:17","guid":{"rendered":"https:\/\/radiostargjilan.com\/web\/?p=243062"},"modified":"2026-09-04T07:38:17","modified_gmt":"2026-09-04T05:38:17","slug":"pdk-serish-me-aksion-para-qeverise","status":"publish","type":"post","link":"https:\/\/radiostargjilan.com\/web\/pdk-serish-me-aksion-para-qeverise\/","title":{"rendered":"PDK s\u00ebrish me aksion para Qeveris\u00eb"},"content":{"rendered":"<p>Deputet\u00ebt e Partis\u00eb Demokratike t\u00eb Kosov\u00ebs (PDK) do t\u00eb vazhdojn\u00eb edhe sot aksionin e tyre, duke bllokuar hyrjen e nd\u00ebrtes\u00ebs s\u00eb Qeveris\u00eb s\u00eb Kosov\u00ebs.<\/p>\n<p>Sipas nj\u00eb njoftimi p\u00ebr media, PDK-ja, s\u00eb bashku me aktivist\u00ebt e saj, do t\u00eb nis\u00eb bllokimin e hyrjes s\u00eb Qeveris\u00eb nga ora 07:30 e m\u00ebngjesit.<\/p>\n<p>PDK po k\u00ebrkon q\u00eb kryeministri n\u00eb detyr\u00eb, Albin Kurti, t\u2019i kthehet Kuvendit t\u00eb Kosov\u00ebs dhe t\u00eb th\u00ebrras\u00eb seanc\u00ebn p\u00ebr konstituimin e legjislatur\u00ebs.<\/p>\n<p>PDK-ja e konsideron t\u00eb domosdoshme zhbllokimin e procesit t\u00eb konstituimit t\u00eb Kuvendit, n\u00eb m\u00ebnyr\u00eb q\u00eb institucionet e vendit t\u00eb mund t\u00eb funksionalizohen.<\/p>\n","protected":false},"excerpt":{"rendered":"<p>Deputet\u00ebt e Partis\u00eb Demokratike t\u00eb Kosov\u00ebs (PDK) do t\u00eb vazhdojn\u00eb edhe sot aksionin e tyre, duke bllokuar hyrjen e nd\u00ebrtes\u00ebs s\u00eb Qeveris\u00eb s\u00eb Kosov\u00ebs. Sipas nj\u00eb njoftimi p\u00ebr media, PDK-ja, s\u00eb bashku me aktivist\u00ebt e saj, do t\u00eb nis\u00eb bllokimin e hyrjes s\u00eb Qeveris\u00eb nga ora 07:30 e m\u00ebngjesit. PDK po k\u00ebrkon q\u00eb kryeministri n\u00eb [&hellip;]<\/p>\n","protected":false},"author":1,"featured_media":243063,"comment_status":"closed","ping_status":"closed","sticky":false,"template":"","format":"standard","meta":{"footnotes":""},"categories":[5],"tags":[],"tmauthors":[136],"class_list":["post-243062","post","type-post","status-publish","format-standard","has-post-thumbnail","category-lajme"],"_links":{"self":[{"href":"https:\/\/radiostargjilan.com\/web\/wp-json\/wp\/v2\/posts\/243062","targetHints":{"allow":["GET"]}}],"collection":[{"href":"https:\/\/radiostargjilan.com\/web\/wp-json\/wp\/v2\/posts"}],"about":[{"href":"https:\/\/radiostargjilan.com\/web\/wp-json\/wp\/v2\/types\/post"}],"author":[{"embeddable":true,"href":"https:\/\/radiostargjilan.com\/web\/wp-json\/wp\/v2\/users\/1"}],"replies":[{"embeddable":true,"href":"https:\/\/radiostargjilan.com\/web\/wp-json\/wp\/v2\/comments?post=243062"}],"version-history":[{"count":1,"href":"https:\/\/radiostargjilan.com\/web\/wp-json\/wp\/v2\/posts\/243062\/revisions"}],"predecessor-version":[{"id":243064,"href":"https:\/\/radiostargjilan.com\/web\/wp-json\/wp\/v2\/posts\/243062\/revisions\/243064"}],"wp:featuredmedia":[{"embeddable":true,"href":"https:\/\/radiostargjilan.com\/web\/wp-json\/wp\/v2\/media\/243063"}],"wp:attachment":[{"href":"https:\/\/radiostargjilan.com\/web\/wp-json\/wp\/v2\/media?parent=243062"}],"wp:term":[{"taxonomy":"category","embeddable":true,"href":"https:\/\/radiostargjilan.com\/web\/wp-json\/wp\/v2\/categories?post=243062"},{"taxonomy":"post_tag","embeddable":true,"href":"https:\/\/radiostargjilan.com\/web\/wp-json\/wp\/v2\/tags?post=243062"},{"taxonomy":"tmauthors","embeddable":true,"href":"https:\/\/radiostargjilan.com\/web\/wp-json\/wp\/v2\/tmauthors?post=243062"}],"curies":[{"name":"wp","href":"https:\/\/api.w.org\/{rel}","templated":true}]}}