{"id":243065,"date":"2026-09-04T07:47:03","date_gmt":"2026-09-04T05:47:03","guid":{"rendered":"https:\/\/radiostargjilan.com\/web\/?p=243065"},"modified":"2026-09-04T07:47:03","modified_gmt":"2026-09-04T05:47:03","slug":"deda-me-kritika-per-abdixhikun-hera-e-pare-qe-nje-kryetar-i-ldk-se-sulmon-gjysmen-e-partise","status":"publish","type":"post","link":"https:\/\/radiostargjilan.com\/web\/deda-me-kritika-per-abdixhikun-hera-e-pare-qe-nje-kryetar-i-ldk-se-sulmon-gjysmen-e-partise\/","title":{"rendered":"Deda me kritika p\u00ebr Abdixhikun: Hera e par\u00eb q\u00eb nj\u00eb kryetar i LDK-s\u00eb sulmon gjysm\u00ebn e partis\u00eb"},"content":{"rendered":"<p>Analisti politik, Ilir Deda ka kritikuar qasjen e kryetarit t\u00eb LDK-s\u00eb, Lumir Abdixhiku, pas vendimit t\u00eb gjasht\u00eb deputet\u00ebve p\u00ebr t\u00eb mos e p\u00ebrkrahur kandidatur\u00ebn p\u00ebr president t\u00eb Bekim Sejdiut si marr\u00ebveshje me L\u00ebvizjen Vet\u00ebvendosje.<\/p>\n<p>Ai ka th\u00ebn\u00eb se kjo hera e par\u00eb n\u00eb LDK q\u00eb nj\u00eb kryetar i e sulmon gjysm\u00ebn e partis\u00eb.<\/p>\n<p>Deda ka th\u00ebn\u00eb se Abdixhiku e ka 49% t\u00eb partis\u00eb kund\u00ebr.<\/p>\n<p>\u201cN\u00eb LDK \u00ebsht\u00eb hera e par\u00eb q\u00eb kryetari i partis\u00eb del e sulmon gjysm\u00ebn e partis\u00eb, p\u00ebrtej 6 deputet\u00ebve. 49% t\u00eb partis\u00eb i ka kund\u00ebr. LDK nuk \u00ebsht\u00eb parti lideriste, \u00ebsht\u00eb e formule ndryshe, nuk \u00ebsht\u00eb Vet\u00ebvendosje. As PDK-ja nuk \u00ebsht\u00eb parti lideriste\u201d, ka th\u00ebn\u00eb ai.<\/p>\n<p>Deda ka th\u00ebn\u00eb se Abdixhiku \u00ebsht\u00eb n\u00eb \u201cluft\u00eb\u201d me shtyllat e partis\u00eb, q\u00eb sipas tij jan\u00eb deg\u00ebt n\u00eb Prishtin\u00eb, Pej\u00eb e Lipjan.<\/p>\n<p>Deda ka kritikuar edhe qasjen e gjasht\u00eb deputet\u00ebve t\u00eb LDK-s\u00eb n\u00eb raport me kandidatur\u00ebn p\u00ebr president.<\/p>\n<p>Ai ka th\u00ebn\u00eb se pasi LDK vendosi t\u00eb mos jet\u00eb pjes\u00eb e qeveris\u00eb, ashtu si\u00e7 kishte deklaruar edhe Gazmend Muhaxheri, ky grup i deputet\u00ebve \u00ebsht\u00eb dashur t\u00eb dalin me q\u00ebndrime m\u00eb t\u00eb qarta.<\/p>\n<p>\u201cShum\u00eb m\u00eb leht\u00eb kishte me qen\u00eb q\u00eb grupi i deputete me dal dhe me than\u00eb na vler\u00ebsojm\u00eb q\u00eb qeverisja e Vet\u00ebvendosjes \u00ebsht\u00eb autokratike, nuk duam kurrfar\u00eb bashk\u00ebpunimi me t\u00eb, p\u00ebrtej autoritarizmit t\u00eb K\u00ebshillit t\u00eb P\u00ebrgjithsh\u00ebm, nuk duam me marr\u00eb pjes\u00eb n\u00eb konstituimin e institucioneve sepse \u00ebsht\u00eb shkel\u00eb afati kushtetues.. Mbr\u00ebm\u00eb e mor\u00ebm vesh, se shumica e tyre nuk po e duna kandidatin n\u00eb fjal\u00eb, (Bekim Sejdiu)\u201d, \u00ebsht\u00eb shprehur Deda. \/Teve1<\/p>\n","protected":false},"excerpt":{"rendered":"<p>Analisti politik, Ilir Deda ka kritikuar qasjen e kryetarit t\u00eb LDK-s\u00eb, Lumir Abdixhiku, pas vendimit t\u00eb gjasht\u00eb deputet\u00ebve p\u00ebr t\u00eb mos e p\u00ebrkrahur kandidatur\u00ebn p\u00ebr president t\u00eb Bekim Sejdiut si marr\u00ebveshje me L\u00ebvizjen Vet\u00ebvendosje. Ai ka th\u00ebn\u00eb se kjo hera e par\u00eb n\u00eb LDK q\u00eb nj\u00eb kryetar i e sulmon gjysm\u00ebn e partis\u00eb. Deda ka [&hellip;]<\/p>\n","protected":false},"author":1,"featured_media":243066,"comment_status":"closed","ping_status":"closed","sticky":false,"template":"","format":"standard","meta":{"footnotes":""},"categories":[5],"tags":[],"tmauthors":[136],"class_list":["post-243065","post","type-post","status-publish","format-standard","has-post-thumbnail","category-lajme"],"_links":{"self":[{"href":"https:\/\/radiostargjilan.com\/web\/wp-json\/wp\/v2\/posts\/243065","targetHints":{"allow":["GET"]}}],"collection":[{"href":"https:\/\/radiostargjilan.com\/web\/wp-json\/wp\/v2\/posts"}],"about":[{"href":"https:\/\/radiostargjilan.com\/web\/wp-json\/wp\/v2\/types\/post"}],"author":[{"embeddable":true,"href":"https:\/\/radiostargjilan.com\/web\/wp-json\/wp\/v2\/users\/1"}],"replies":[{"embeddable":true,"href":"https:\/\/radiostargjilan.com\/web\/wp-json\/wp\/v2\/comments?post=243065"}],"version-history":[{"count":1,"href":"https:\/\/radiostargjilan.com\/web\/wp-json\/wp\/v2\/posts\/243065\/revisions"}],"predecessor-version":[{"id":243067,"href":"https:\/\/radiostargjilan.com\/web\/wp-json\/wp\/v2\/posts\/243065\/revisions\/243067"}],"wp:featuredmedia":[{"embeddable":true,"href":"https:\/\/radiostargjilan.com\/web\/wp-json\/wp\/v2\/media\/243066"}],"wp:attachment":[{"href":"https:\/\/radiostargjilan.com\/web\/wp-json\/wp\/v2\/media?parent=243065"}],"wp:term":[{"taxonomy":"category","embeddable":true,"href":"https:\/\/radiostargjilan.com\/web\/wp-json\/wp\/v2\/categories?post=243065"},{"taxonomy":"post_tag","embeddable":true,"href":"https:\/\/radiostargjilan.com\/web\/wp-json\/wp\/v2\/tags?post=243065"},{"taxonomy":"tmauthors","embeddable":true,"href":"https:\/\/radiostargjilan.com\/web\/wp-json\/wp\/v2\/tmauthors?post=243065"}],"curies":[{"name":"wp","href":"https:\/\/api.w.org\/{rel}","templated":true}]}}