{"id":243071,"date":"2026-09-04T08:39:01","date_gmt":"2026-09-04T06:39:01","guid":{"rendered":"https:\/\/radiostargjilan.com\/web\/?p=243071"},"modified":"2026-09-04T08:39:01","modified_gmt":"2026-09-04T06:39:01","slug":"kadri-rahimaj-sjell-historine-e-suksesshme-te-afaristit-me-origjine-nga-gjilani-ne-turqi","status":"publish","type":"post","link":"https:\/\/radiostargjilan.com\/web\/kadri-rahimaj-sjell-historine-e-suksesshme-te-afaristit-me-origjine-nga-gjilani-ne-turqi\/","title":{"rendered":"Kadri Rahimaj sjell historin\u00eb e suksesshme t\u00eb afaristit me origjin\u00eb nga Gjilani n\u00eb Turqi"},"content":{"rendered":"<p>Kryetari i Komun\u00ebs s\u00eb Kamenic\u00ebs, Kadri Rahimaj, ka b\u00ebr\u00eb t\u00eb ditur se ka takuar sip\u00ebrmarr\u00ebsin e njohur me origjin\u00eb nga Gjilani, Fahrettin G\u00fclener, i cili ka nd\u00ebrtuar nj\u00eb sukses t\u00eb r\u00ebnd\u00ebsish\u00ebm n\u00eb fush\u00ebn e industris\u00eb n\u00eb Turqi.<\/p>\n<p>Rahimaj ka treguar se G\u00fclener \u00ebsht\u00eb djali i Vehbi Sirixhanit, nj\u00eb mjesht\u00ebr i njohur i shportave n\u00eb Gjilan, nd\u00ebrsa rrug\u00ebtimi i tij nga nj\u00eb punishte e vog\u00ebl e shporetave n\u00eb Gjilan deri te drejtimi i nj\u00eb grupi t\u00eb madh industrial n\u00eb Bursa \u00ebsht\u00eb cil\u00ebsuar si nj\u00eb histori frym\u00ebzuese e pun\u00ebs dhe sip\u00ebrmarrjes.<\/p>\n<p>P\u00ebrmes kompanis\u00eb ERMETAL GROUP, G\u00fclener udh\u00ebheq sot gjasht\u00eb fabrika, ku jan\u00eb t\u00eb pun\u00ebsuar mbi 1,500 persona.<\/p>\n<p>P\u00ebrve\u00e7 aktivitetit industrial, ai \u00ebsht\u00eb i angazhuar edhe n\u00eb zhvillimin e arsimit profesional. G\u00fclener ka themeluar dhe drejton dy shkolla profesionale, t\u00eb cilat kan\u00eb aft\u00ebsuar qindra pun\u00ebtor\u00eb dhe operator\u00eb t\u00eb makinerive p\u00ebr nevojat e industris\u00eb n\u00eb Bursa dhe m\u00eb gjer\u00eb.<\/p>\n<p>Kontributi i tij \u00ebsht\u00eb shtrir\u00eb edhe te t\u00eb rinjt\u00eb nga Kosova. P\u00ebrmes programeve t\u00eb trajnimit n\u00eb Turqi, gjasht\u00eb grupe t\u00eb rinjsh nga Kosova kan\u00eb pasur mund\u00ebsi t\u00eb aft\u00ebsohen profesionalisht.<\/p>\n<p>Sipas Rahimajt, G\u00fclener \u00ebsht\u00eb gjithashtu donator i projekteve t\u00eb ndryshme n\u00eb Kosov\u00eb dhe nj\u00eb veprimtar i p\u00ebrkushtuar i \u00e7\u00ebshtjes shqiptare n\u00eb Bursa.<\/p>\n<p>\u201c\u00cbsht\u00eb jasht\u00ebzakonisht frym\u00ebzuese t\u00eb shoh\u00ebsh se si trash\u00ebgimia e nj\u00eb mjeshtri tradicional u transformua me pun\u00eb, zell e dinjitet n\u00eb nj\u00eb industri moderne\u201d, ka shkruar Rahimaj, duke e vler\u00ebsuar G\u00fclenerin si shembull t\u00eb suksesit, solidaritetit dhe lidhjes s\u00eb pand\u00ebrprer\u00eb me vendlindjen.<\/p>\n","protected":false},"excerpt":{"rendered":"<p>Kryetari i Komun\u00ebs s\u00eb Kamenic\u00ebs, Kadri Rahimaj, ka b\u00ebr\u00eb t\u00eb ditur se ka takuar sip\u00ebrmarr\u00ebsin e njohur me origjin\u00eb nga Gjilani, Fahrettin G\u00fclener, i cili ka nd\u00ebrtuar nj\u00eb sukses t\u00eb r\u00ebnd\u00ebsish\u00ebm n\u00eb fush\u00ebn e industris\u00eb n\u00eb Turqi. Rahimaj ka treguar se G\u00fclener \u00ebsht\u00eb djali i Vehbi Sirixhanit, nj\u00eb mjesht\u00ebr i njohur i shportave n\u00eb Gjilan, [&hellip;]<\/p>\n","protected":false},"author":1,"featured_media":243072,"comment_status":"closed","ping_status":"closed","sticky":false,"template":"","format":"standard","meta":{"footnotes":""},"categories":[5],"tags":[],"tmauthors":[136],"class_list":["post-243071","post","type-post","status-publish","format-standard","has-post-thumbnail","category-lajme"],"_links":{"self":[{"href":"https:\/\/radiostargjilan.com\/web\/wp-json\/wp\/v2\/posts\/243071","targetHints":{"allow":["GET"]}}],"collection":[{"href":"https:\/\/radiostargjilan.com\/web\/wp-json\/wp\/v2\/posts"}],"about":[{"href":"https:\/\/radiostargjilan.com\/web\/wp-json\/wp\/v2\/types\/post"}],"author":[{"embeddable":true,"href":"https:\/\/radiostargjilan.com\/web\/wp-json\/wp\/v2\/users\/1"}],"replies":[{"embeddable":true,"href":"https:\/\/radiostargjilan.com\/web\/wp-json\/wp\/v2\/comments?post=243071"}],"version-history":[{"count":1,"href":"https:\/\/radiostargjilan.com\/web\/wp-json\/wp\/v2\/posts\/243071\/revisions"}],"predecessor-version":[{"id":243073,"href":"https:\/\/radiostargjilan.com\/web\/wp-json\/wp\/v2\/posts\/243071\/revisions\/243073"}],"wp:featuredmedia":[{"embeddable":true,"href":"https:\/\/radiostargjilan.com\/web\/wp-json\/wp\/v2\/media\/243072"}],"wp:attachment":[{"href":"https:\/\/radiostargjilan.com\/web\/wp-json\/wp\/v2\/media?parent=243071"}],"wp:term":[{"taxonomy":"category","embeddable":true,"href":"https:\/\/radiostargjilan.com\/web\/wp-json\/wp\/v2\/categories?post=243071"},{"taxonomy":"post_tag","embeddable":true,"href":"https:\/\/radiostargjilan.com\/web\/wp-json\/wp\/v2\/tags?post=243071"},{"taxonomy":"tmauthors","embeddable":true,"href":"https:\/\/radiostargjilan.com\/web\/wp-json\/wp\/v2\/tmauthors?post=243071"}],"curies":[{"name":"wp","href":"https:\/\/api.w.org\/{rel}","templated":true}]}}