{"id":243079,"date":"2026-09-04T10:41:06","date_gmt":"2026-09-04T08:41:06","guid":{"rendered":"https:\/\/radiostargjilan.com\/web\/?p=243079"},"modified":"2026-09-04T10:41:06","modified_gmt":"2026-09-04T08:41:06","slug":"njoftim-i-rendesishem-nga-kru-hidromorava-nderpritet-furnizimi-me-uje-ne-dy-lagje-te-gjilanit","status":"publish","type":"post","link":"https:\/\/radiostargjilan.com\/web\/njoftim-i-rendesishem-nga-kru-hidromorava-nderpritet-furnizimi-me-uje-ne-dy-lagje-te-gjilanit\/","title":{"rendered":"Njoftim i r\u00ebnd\u00ebsish\u00ebm nga KRU Hidromorava: Nd\u00ebrpritet furnizimi me uj\u00eb n\u00eb dy lagje t\u00eb Gjilanit"},"content":{"rendered":"<p>NJOFTIM P\u00cbR KONSUMATOR\u00cbT N\u00cb RR. REXHEP DAJKOVCI DHE SADULLAH BRESTOVCI<\/p>\n<p>Nd\u00ebrprerje e furnizimit me uj\u00eb<\/p>\n<p>Shkaku: Defekt n\u00eb gypin e uj\u00ebsjell\u00ebsit<\/p>\n<p>T\u00eb nderuar konsumator\u00eb,<br \/>\nJu njoftojm\u00eb se, p\u00ebr shkak t\u00eb nj\u00eb defekti n\u00eb gypin e uj\u00ebsjell\u00ebsit, do t\u00eb nd\u00ebrprehet furnizimi me uj\u00eb n\u00eb lagjet &#8220;Rexhep Dajkovci&#8221; dhe &#8220;Sadullah Brestovci&#8221;.<\/p>\n<p>Ekipet teknike jan\u00eb n\u00eb terren dhe po punojn\u00eb me intensitet p\u00ebr sanimin e defektit dhe rikthimin e furnizimit me uj\u00eb sa m\u00eb shpejt t\u00eb jet\u00eb e mundur.<\/p>\n<p>P\u00ebr \u00e7do ndryshim ose informacion shtes\u00eb, do t\u00eb njoftoheni p\u00ebrmes kanaleve tona zyrtare t\u00eb komunikimit.<\/p>\n<p>Faleminderit p\u00ebr mir\u00ebkuptimin!<\/p>\n<p>KRU Hidromorava Sh.A. \u2013 Gjilan<br \/>\n\ud83d\udcde Tel: 0800 61 000<\/p>\n","protected":false},"excerpt":{"rendered":"<p>NJOFTIM P\u00cbR KONSUMATOR\u00cbT N\u00cb RR. REXHEP DAJKOVCI DHE SADULLAH BRESTOVCI Nd\u00ebrprerje e furnizimit me uj\u00eb Shkaku: Defekt n\u00eb gypin e uj\u00ebsjell\u00ebsit T\u00eb nderuar konsumator\u00eb, Ju njoftojm\u00eb se, p\u00ebr shkak t\u00eb nj\u00eb defekti n\u00eb gypin e uj\u00ebsjell\u00ebsit, do t\u00eb nd\u00ebrprehet furnizimi me uj\u00eb n\u00eb lagjet &#8220;Rexhep Dajkovci&#8221; dhe &#8220;Sadullah Brestovci&#8221;. Ekipet teknike jan\u00eb n\u00eb terren dhe [&hellip;]<\/p>\n","protected":false},"author":1,"featured_media":242452,"comment_status":"closed","ping_status":"closed","sticky":false,"template":"","format":"standard","meta":{"footnotes":""},"categories":[5],"tags":[],"tmauthors":[136],"class_list":["post-243079","post","type-post","status-publish","format-standard","has-post-thumbnail","category-lajme"],"_links":{"self":[{"href":"https:\/\/radiostargjilan.com\/web\/wp-json\/wp\/v2\/posts\/243079","targetHints":{"allow":["GET"]}}],"collection":[{"href":"https:\/\/radiostargjilan.com\/web\/wp-json\/wp\/v2\/posts"}],"about":[{"href":"https:\/\/radiostargjilan.com\/web\/wp-json\/wp\/v2\/types\/post"}],"author":[{"embeddable":true,"href":"https:\/\/radiostargjilan.com\/web\/wp-json\/wp\/v2\/users\/1"}],"replies":[{"embeddable":true,"href":"https:\/\/radiostargjilan.com\/web\/wp-json\/wp\/v2\/comments?post=243079"}],"version-history":[{"count":1,"href":"https:\/\/radiostargjilan.com\/web\/wp-json\/wp\/v2\/posts\/243079\/revisions"}],"predecessor-version":[{"id":243080,"href":"https:\/\/radiostargjilan.com\/web\/wp-json\/wp\/v2\/posts\/243079\/revisions\/243080"}],"wp:featuredmedia":[{"embeddable":true,"href":"https:\/\/radiostargjilan.com\/web\/wp-json\/wp\/v2\/media\/242452"}],"wp:attachment":[{"href":"https:\/\/radiostargjilan.com\/web\/wp-json\/wp\/v2\/media?parent=243079"}],"wp:term":[{"taxonomy":"category","embeddable":true,"href":"https:\/\/radiostargjilan.com\/web\/wp-json\/wp\/v2\/categories?post=243079"},{"taxonomy":"post_tag","embeddable":true,"href":"https:\/\/radiostargjilan.com\/web\/wp-json\/wp\/v2\/tags?post=243079"},{"taxonomy":"tmauthors","embeddable":true,"href":"https:\/\/radiostargjilan.com\/web\/wp-json\/wp\/v2\/tmauthors?post=243079"}],"curies":[{"name":"wp","href":"https:\/\/api.w.org\/{rel}","templated":true}]}}