{"id":243083,"date":"2026-09-04T11:21:11","date_gmt":"2026-09-04T09:21:11","guid":{"rendered":"https:\/\/radiostargjilan.com\/web\/?p=243083"},"modified":"2026-09-04T11:21:11","modified_gmt":"2026-09-04T09:21:11","slug":"kater-dite-pa-ditare-shkollore-avonet-kush-mban-pergjegjesi","status":"publish","type":"post","link":"https:\/\/radiostargjilan.com\/web\/kater-dite-pa-ditare-shkollore-avonet-kush-mban-pergjegjesi\/","title":{"rendered":"Kat\u00ebr dit\u00eb pa ditar\u00eb shkollor\u00eb, AVONET: Kush mban p\u00ebrgjegj\u00ebsi?"},"content":{"rendered":"<p>AVONET ka shprehur shqet\u00ebsimin lidhur me munges\u00ebn e ditar\u00ebve shkollor\u00eb n\u00eb shkollat e Kosov\u00ebs, edhe n\u00eb dit\u00ebn e kat\u00ebrt nga fillimi i vitit t\u00eb ri shkollor.<\/p>\n<p>Sipas AVONET, ditari shkollor \u00ebsht\u00eb nj\u00eb mjet baz\u00eb p\u00ebr evidentimin, dokumentimin dhe administrimin e procesit m\u00ebsimor, nd\u00ebrsa mungesa e tij n\u00eb dit\u00ebt e para t\u00eb vitit shkollor ngre shqet\u00ebsime p\u00ebr planifikimin dhe menaxhimin institucional.<\/p>\n<p>\u201cFakti q\u00eb m\u00ebsimdh\u00ebn\u00ebsit, n\u00eb dit\u00ebt e para t\u00eb vitit shkollor, nuk kan\u00eb n\u00eb dispozicion nj\u00eb mjet elementar t\u00eb pun\u00ebs, \u00ebsht\u00eb i papranuesh\u00ebm dhe ngre seriozisht \u00e7\u00ebshtjen e planifikimit dhe menaxhimit institucional t\u00eb fillimit t\u00eb vitit shkollor\u201d, thuhet n\u00eb reagimin e AVONET.<\/p>\n<p>Kjo organizat\u00eb ka ngritur pyetje se pse ditar\u00ebt nuk jan\u00eb siguruar dhe shp\u00ebrndar\u00eb para fillimit t\u00eb procesit m\u00ebsimor dhe kush mban p\u00ebrgjegj\u00ebsi p\u00ebr situat\u00ebn.<\/p>\n<p>AVONET vler\u00ebson se mungesa e ditar\u00ebve p\u00ebr kat\u00ebr dit\u00eb nuk duhet t\u00eb trajtohet si nj\u00eb vones\u00eb e zakonshme administrative, por si problem i planifikimit dhe koordinimit institucional.<\/p>\n<p>\u201c\u00cbsht\u00eb e pakuptimt\u00eb q\u00eb n\u00eb Kosov\u00eb t\u00eb flitet p\u00ebr reforma t\u00eb thella n\u00eb arsim, digjitalizim, rritje t\u00eb cil\u00ebsis\u00eb dhe modernizim t\u00eb sistemit arsimor, nd\u00ebrkoh\u00eb q\u00eb shkollat p\u00ebrballen me munges\u00ebn e mjeteve elementare p\u00ebr zhvillimin dhe dokumentimin e procesit m\u00ebsimor\u201d, thuhet m\u00eb tej.<\/p>\n<p>AVONET i ka k\u00ebrkuar Ministris\u00eb s\u00eb Arsimit, Shkenc\u00ebs, Teknologjis\u00eb dhe Inovacionit (MASHTI) q\u00eb t\u00eb jap\u00eb urgjentisht nj\u00eb sqarim publik p\u00ebr arsyen e munges\u00ebs s\u00eb ditar\u00ebve, masat e nd\u00ebrmarra p\u00ebr furnizimin e shkollave, afatin kur t\u00eb gjitha shkollat do t\u00eb pajisen me ditar\u00eb dhe p\u00ebrgjegj\u00ebsin\u00eb institucionale p\u00ebr k\u00ebt\u00eb vones\u00eb.<\/p>\n<p>Organizata ka b\u00ebr\u00eb t\u00eb ditur se do t\u00eb vazhdoj\u00eb ta monitoroj\u00eb k\u00ebt\u00eb \u00e7\u00ebshtje dhe ka k\u00ebrkuar q\u00eb probleme t\u00eb tilla t\u00eb adresohen me p\u00ebrgjegj\u00ebsi dhe transparenc\u00eb.<\/p>\n","protected":false},"excerpt":{"rendered":"<p>AVONET ka shprehur shqet\u00ebsimin lidhur me munges\u00ebn e ditar\u00ebve shkollor\u00eb n\u00eb shkollat e Kosov\u00ebs, edhe n\u00eb dit\u00ebn e kat\u00ebrt nga fillimi i vitit t\u00eb ri shkollor. Sipas AVONET, ditari shkollor \u00ebsht\u00eb nj\u00eb mjet baz\u00eb p\u00ebr evidentimin, dokumentimin dhe administrimin e procesit m\u00ebsimor, nd\u00ebrsa mungesa e tij n\u00eb dit\u00ebt e para t\u00eb vitit shkollor ngre shqet\u00ebsime [&hellip;]<\/p>\n","protected":false},"author":1,"featured_media":243085,"comment_status":"closed","ping_status":"closed","sticky":false,"template":"","format":"standard","meta":{"footnotes":""},"categories":[5],"tags":[],"tmauthors":[136],"class_list":["post-243083","post","type-post","status-publish","format-standard","has-post-thumbnail","category-lajme"],"_links":{"self":[{"href":"https:\/\/radiostargjilan.com\/web\/wp-json\/wp\/v2\/posts\/243083","targetHints":{"allow":["GET"]}}],"collection":[{"href":"https:\/\/radiostargjilan.com\/web\/wp-json\/wp\/v2\/posts"}],"about":[{"href":"https:\/\/radiostargjilan.com\/web\/wp-json\/wp\/v2\/types\/post"}],"author":[{"embeddable":true,"href":"https:\/\/radiostargjilan.com\/web\/wp-json\/wp\/v2\/users\/1"}],"replies":[{"embeddable":true,"href":"https:\/\/radiostargjilan.com\/web\/wp-json\/wp\/v2\/comments?post=243083"}],"version-history":[{"count":1,"href":"https:\/\/radiostargjilan.com\/web\/wp-json\/wp\/v2\/posts\/243083\/revisions"}],"predecessor-version":[{"id":243086,"href":"https:\/\/radiostargjilan.com\/web\/wp-json\/wp\/v2\/posts\/243083\/revisions\/243086"}],"wp:featuredmedia":[{"embeddable":true,"href":"https:\/\/radiostargjilan.com\/web\/wp-json\/wp\/v2\/media\/243085"}],"wp:attachment":[{"href":"https:\/\/radiostargjilan.com\/web\/wp-json\/wp\/v2\/media?parent=243083"}],"wp:term":[{"taxonomy":"category","embeddable":true,"href":"https:\/\/radiostargjilan.com\/web\/wp-json\/wp\/v2\/categories?post=243083"},{"taxonomy":"post_tag","embeddable":true,"href":"https:\/\/radiostargjilan.com\/web\/wp-json\/wp\/v2\/tags?post=243083"},{"taxonomy":"tmauthors","embeddable":true,"href":"https:\/\/radiostargjilan.com\/web\/wp-json\/wp\/v2\/tmauthors?post=243083"}],"curies":[{"name":"wp","href":"https:\/\/api.w.org\/{rel}","templated":true}]}}