{"id":243090,"date":"2026-09-04T11:46:45","date_gmt":"2026-09-04T09:46:45","guid":{"rendered":"https:\/\/radiostargjilan.com\/web\/?p=243090"},"modified":"2026-09-04T11:47:29","modified_gmt":"2026-09-04T09:47:29","slug":"ora-e-prijes-vendoset-edhe-ne-gjilan-sonte-ne-teatrin-e-qytetit","status":"publish","type":"post","link":"https:\/\/radiostargjilan.com\/web\/ora-e-prijes-vendoset-edhe-ne-gjilan-sonte-ne-teatrin-e-qytetit\/","title":{"rendered":"\u201cOra e Prij\u00ebs\u201d vendoset edhe n\u00eb Gjilan, sonte te Teatri i Qytetit"},"content":{"rendered":"<p>Para publikut gjilanas do t\u00eb shfaqet premiera e shfaqjes teatrale \u201cOra e Prij\u00ebs\u201d, e cila do t\u00eb mbahet sonte, m\u00eb 4 shtator, n\u00eb Teatrin e Qytetit t\u00eb Gjilanit, duke filluar nga ora 19:00.<\/p>\n<p>Shfaqja vjen n\u00eb kuad\u00ebr t\u00eb programit \u201cKosova po pret\u201d, nd\u00ebrsa premiera \u00ebsht\u00eb e hapur p\u00ebr publikun.<\/p>\n<p>T\u00eb interesuarit mund ta ndjekin shfaqjen sonte n\u00eb or\u00ebn 19:00, n\u00eb Teatrin e Qytetit t\u00eb Gjilanit.<\/p>\n","protected":false},"excerpt":{"rendered":"<p>Para publikut gjilanas do t\u00eb shfaqet premiera e shfaqjes teatrale \u201cOra e Prij\u00ebs\u201d, e cila do t\u00eb mbahet sonte, m\u00eb 4 shtator, n\u00eb Teatrin e Qytetit t\u00eb Gjilanit, duke filluar nga ora 19:00. Shfaqja vjen n\u00eb kuad\u00ebr t\u00eb programit \u201cKosova po pret\u201d, nd\u00ebrsa premiera \u00ebsht\u00eb e hapur p\u00ebr publikun. T\u00eb interesuarit mund ta ndjekin shfaqjen [&hellip;]<\/p>\n","protected":false},"author":1,"featured_media":243091,"comment_status":"closed","ping_status":"closed","sticky":false,"template":"","format":"standard","meta":{"footnotes":""},"categories":[5],"tags":[],"tmauthors":[136],"class_list":["post-243090","post","type-post","status-publish","format-standard","has-post-thumbnail","category-lajme"],"_links":{"self":[{"href":"https:\/\/radiostargjilan.com\/web\/wp-json\/wp\/v2\/posts\/243090","targetHints":{"allow":["GET"]}}],"collection":[{"href":"https:\/\/radiostargjilan.com\/web\/wp-json\/wp\/v2\/posts"}],"about":[{"href":"https:\/\/radiostargjilan.com\/web\/wp-json\/wp\/v2\/types\/post"}],"author":[{"embeddable":true,"href":"https:\/\/radiostargjilan.com\/web\/wp-json\/wp\/v2\/users\/1"}],"replies":[{"embeddable":true,"href":"https:\/\/radiostargjilan.com\/web\/wp-json\/wp\/v2\/comments?post=243090"}],"version-history":[{"count":1,"href":"https:\/\/radiostargjilan.com\/web\/wp-json\/wp\/v2\/posts\/243090\/revisions"}],"predecessor-version":[{"id":243093,"href":"https:\/\/radiostargjilan.com\/web\/wp-json\/wp\/v2\/posts\/243090\/revisions\/243093"}],"wp:featuredmedia":[{"embeddable":true,"href":"https:\/\/radiostargjilan.com\/web\/wp-json\/wp\/v2\/media\/243091"}],"wp:attachment":[{"href":"https:\/\/radiostargjilan.com\/web\/wp-json\/wp\/v2\/media?parent=243090"}],"wp:term":[{"taxonomy":"category","embeddable":true,"href":"https:\/\/radiostargjilan.com\/web\/wp-json\/wp\/v2\/categories?post=243090"},{"taxonomy":"post_tag","embeddable":true,"href":"https:\/\/radiostargjilan.com\/web\/wp-json\/wp\/v2\/tags?post=243090"},{"taxonomy":"tmauthors","embeddable":true,"href":"https:\/\/radiostargjilan.com\/web\/wp-json\/wp\/v2\/tmauthors?post=243090"}],"curies":[{"name":"wp","href":"https:\/\/api.w.org\/{rel}","templated":true}]}}