{"id":243097,"date":"2026-09-04T12:57:47","date_gmt":"2026-09-04T10:57:47","guid":{"rendered":"https:\/\/radiostargjilan.com\/web\/?p=243097"},"modified":"2026-09-04T12:57:47","modified_gmt":"2026-09-04T10:57:47","slug":"avokati-arianit-koci-paralajmeron-do-ta-paraqesim-rastin-e-videos-se-manipuluar-per-lirim-mehmetajn","status":"publish","type":"post","link":"https:\/\/radiostargjilan.com\/web\/avokati-arianit-koci-paralajmeron-do-ta-paraqesim-rastin-e-videos-se-manipuluar-per-lirim-mehmetajn\/","title":{"rendered":"Avokati Arianit Koci paralajm\u00ebron: \u201cDo ta paraqesim rastin e videos s\u00eb manipuluar p\u00ebr Lirim Mehmetajn\u201d"},"content":{"rendered":"<p>Avokati Arianit Koci ka njoftuar se do ta paraqes\u00eb n\u00eb Policin\u00eb e Kosov\u00ebs rastin e nj\u00eb videoje t\u00eb manipuluar q\u00eb po qarkullon n\u00eb Facebook, p\u00ebr t\u00eb cil\u00ebn thot\u00eb se synon t\u00eb d\u00ebmtoj\u00eb imazhin e gazetarit Lirim Mehmetaj.<\/p>\n<p>Shkrimi i plot\u00eb:<\/p>\n<p>N\u00eb cil\u00ebsin\u00eb e avokatit t\u00eb Lirim Mehmetaj, njoftoj se nes\u00ebr do ta paraqesim n\u00eb Policin\u00eb e Kosov\u00ebs rastin e videos s\u00eb manipuluar q\u00eb po shp\u00ebrndahet n\u00eb Facebook.<\/p>\n<p>Videoja burimore \u00ebsht\u00eb publikuar para rreth nj\u00eb viti dhe kishte t\u00eb b\u00ebnte me adres\u00ebn e paraqitur si seli qendrore e partis\u00eb Guxo.<\/p>\n<p>Tani, ajo video \u00ebsht\u00eb p\u00ebrpunuar me efekte dhe \u00ebsht\u00eb publikuar n\u00eb nj\u00eb form\u00eb q\u00eb krijon aludimin se Lirim Mehmetaj po p\u00ebrdor substanca narkotike.<\/p>\n<p>Ky aludim \u00ebsht\u00eb i pav\u00ebrtet\u00eb. Nj\u00eb situat\u00eb e till\u00eb nuk ka ndodhur.<\/p>\n<p>Manipulimi i pamjeve p\u00ebr ta diskredituar nj\u00eb gazetar \u00ebsht\u00eb sulm i r\u00ebnd\u00eb ndaj integritetit t\u00eb tij personal dhe profesional. K\u00ebshilli i Evrop\u00ebs i p\u00ebrfshin fushatat e diskreditimit nd\u00ebr rreziqet dhe presionet me t\u00eb cilat p\u00ebrballen gazetar\u00ebt.<\/p>\n<p>N\u00eb k\u00ebt\u00eb rast, kemi t\u00eb b\u00ebjm\u00eb me p\u00ebrpjekje p\u00ebr vrasjen publike t\u00eb karakterit t\u00eb nj\u00eb gazetari.<\/p>\n<p>Ky montazh ka kaluar \u00e7do kufi. D\u00ebmi shkon p\u00ebrtej Lirim Mehmetajt. N\u00ebse nj\u00eb fabrikim i till\u00eb kalon pa p\u00ebrgjegj\u00ebsi, nes\u00ebr, me t\u00eb nj\u00ebjt\u00ebn metod\u00eb, mund t\u00eb goditet kushdo. Prandaj, kjo p\u00ebrb\u00ebn rrezik p\u00ebr krejt shoq\u00ebrin\u00eb.<\/p>\n<p>Personat e p\u00ebrfshir\u00eb jan\u00eb identifikuar. Emrat e tyre dhe provat q\u00eb i kemi siguruar, nes\u00ebr do t\u2019ia dor\u00ebzojm\u00eb Policis\u00eb s\u00eb Kosov\u00ebs.<\/p>\n<p>Poashtu, do t\u00eb k\u00ebrkojm\u00eb q\u00eb roli dhe veprimet e secilit t\u00eb hetohen deri n\u00eb fund.<\/p>\n","protected":false},"excerpt":{"rendered":"<p>Avokati Arianit Koci ka njoftuar se do ta paraqes\u00eb n\u00eb Policin\u00eb e Kosov\u00ebs rastin e nj\u00eb videoje t\u00eb manipuluar q\u00eb po qarkullon n\u00eb Facebook, p\u00ebr t\u00eb cil\u00ebn thot\u00eb se synon t\u00eb d\u00ebmtoj\u00eb imazhin e gazetarit Lirim Mehmetaj. Shkrimi i plot\u00eb: N\u00eb cil\u00ebsin\u00eb e avokatit t\u00eb Lirim Mehmetaj, njoftoj se nes\u00ebr do ta paraqesim n\u00eb Policin\u00eb [&hellip;]<\/p>\n","protected":false},"author":1,"featured_media":243098,"comment_status":"closed","ping_status":"closed","sticky":false,"template":"","format":"standard","meta":{"footnotes":""},"categories":[5],"tags":[],"tmauthors":[136],"class_list":["post-243097","post","type-post","status-publish","format-standard","has-post-thumbnail","category-lajme"],"_links":{"self":[{"href":"https:\/\/radiostargjilan.com\/web\/wp-json\/wp\/v2\/posts\/243097","targetHints":{"allow":["GET"]}}],"collection":[{"href":"https:\/\/radiostargjilan.com\/web\/wp-json\/wp\/v2\/posts"}],"about":[{"href":"https:\/\/radiostargjilan.com\/web\/wp-json\/wp\/v2\/types\/post"}],"author":[{"embeddable":true,"href":"https:\/\/radiostargjilan.com\/web\/wp-json\/wp\/v2\/users\/1"}],"replies":[{"embeddable":true,"href":"https:\/\/radiostargjilan.com\/web\/wp-json\/wp\/v2\/comments?post=243097"}],"version-history":[{"count":1,"href":"https:\/\/radiostargjilan.com\/web\/wp-json\/wp\/v2\/posts\/243097\/revisions"}],"predecessor-version":[{"id":243099,"href":"https:\/\/radiostargjilan.com\/web\/wp-json\/wp\/v2\/posts\/243097\/revisions\/243099"}],"wp:featuredmedia":[{"embeddable":true,"href":"https:\/\/radiostargjilan.com\/web\/wp-json\/wp\/v2\/media\/243098"}],"wp:attachment":[{"href":"https:\/\/radiostargjilan.com\/web\/wp-json\/wp\/v2\/media?parent=243097"}],"wp:term":[{"taxonomy":"category","embeddable":true,"href":"https:\/\/radiostargjilan.com\/web\/wp-json\/wp\/v2\/categories?post=243097"},{"taxonomy":"post_tag","embeddable":true,"href":"https:\/\/radiostargjilan.com\/web\/wp-json\/wp\/v2\/tags?post=243097"},{"taxonomy":"tmauthors","embeddable":true,"href":"https:\/\/radiostargjilan.com\/web\/wp-json\/wp\/v2\/tmauthors?post=243097"}],"curies":[{"name":"wp","href":"https:\/\/api.w.org\/{rel}","templated":true}]}}