{"id":243103,"date":"2026-09-04T13:23:29","date_gmt":"2026-09-04T11:23:29","guid":{"rendered":"https:\/\/radiostargjilan.com\/web\/?p=243103"},"modified":"2026-09-04T13:23:29","modified_gmt":"2026-09-04T11:23:29","slug":"policia-e-kosoves-shenon-27-vjetorin-drejtoria-rajonale-ne-gjilan-me-aktivitete-te-vecanta","status":"publish","type":"post","link":"https:\/\/radiostargjilan.com\/web\/policia-e-kosoves-shenon-27-vjetorin-drejtoria-rajonale-ne-gjilan-me-aktivitete-te-vecanta\/","title":{"rendered":"Policia e Kosov\u00ebs sh\u00ebnon 27-vjetorin, Drejtoria Rajonale n\u00eb Gjilan me aktivitete t\u00eb ve\u00e7anta"},"content":{"rendered":"<p>Me rastin e sh\u00ebnimit t\u00eb 27 vjetorit t\u00eb themelimit t\u00eb Policis\u00eb s\u00eb Kosov\u00ebs, Drejtoria Rajonale e Policis\u00eb n\u00eb Gjilan n\u00eb kuad\u00ebr t\u00eb projektit \u201cRreze drite n\u00eb emblem\u00ebn time\u201d ka organizuar nj\u00eb s\u00ebr\u00eb aktivitetesh t\u00eb dedikuara p\u00ebr forcimin e bashk\u00ebpunimit me qytetar\u00ebt, ve\u00e7an\u00ebrisht me f\u00ebmij\u00ebt dhe t\u00eb rinjt\u00eb.<\/p>\n<p>P\u00ebrgjat\u00eb 27 viteve t\u00eb sh\u00ebrbimit Policia e Kosov\u00ebs ka qen\u00eb e p\u00ebrkushtuar n\u00eb p\u00ebrmbushjen e misionit t\u00eb saj p\u00ebr ruajtjen e rendit dhe siguris\u00eb publike, mbrojtjen e jet\u00ebs dhe pron\u00ebs p\u00ebr t\u00eb gjith\u00eb qytetar\u00ebt.<\/p>\n<p>N\u00eb kuad\u00ebr t\u00eb projektit aktivitetet e planifikuara nga Drejtoria Rajonale e Policis\u00eb n\u00eb Gjilan p\u00ebrfshijn\u00eb;<\/p>\n<p>\u2022 \u201cPorta e hapur\u201d, vizita t\u00eb shumta n\u00eb Stacionet Policore nga nx\u00ebn\u00ebs staf i shkollave, zyrtar institucionesh e qytetar\u00eb t\u00eb ndrysh\u00ebm t\u00eb cil\u00ebt kan\u00eb pasur mund\u00ebsin\u00eb t\u00eb njoftohen me pun\u00ebn dhe p\u00ebrkushtimin e stafit policor dhe t\u00eb shohin nga af\u00ebr pajisjet dhe teknologjit\u00eb q\u00eb p\u00ebrdoren p\u00ebr mbrojtjen e siguris\u00eb;<br \/>\n\u2022 Aktivitete p\u00ebr sigurin\u00eb n\u00eb rrug\u00eb duke realizuar patrullimit t\u00eb p\u00ebrbashk\u00ebt me nx\u00ebn\u00ebs me q\u00ebllim t\u00eb p\u00ebrcjelljes s\u00eb mesazhit se siguria n\u00eb rrug\u00eb \u00ebsht\u00eb p\u00ebrgjegj\u00ebsi e p\u00ebrbashk\u00ebt;<br \/>\n\u2022 Takime me K\u00ebshillat Lokale p\u00ebr Siguri n\u00eb Bashk\u00ebsi (KLSP) me fokus n\u00eb forcimin e komunikimit dhe bashk\u00ebpunimit me komunitetin si dhe shp\u00ebrndarjen e kartelave informuese.<\/p>\n<p>P\u00ebrmes k\u00ebtyre aktiviteteve, Policia synon q\u00eb p\u00ebrvjetori i themelimit t\u00eb mos jet\u00eb vet\u00ebm nj\u00eb dat\u00eb p\u00ebrkujtimore, por edhe nj\u00eb mund\u00ebsi p\u00ebr t\u00eb qen\u00eb m\u00eb af\u00ebr qytetar\u00ebve.<\/p>\n<p>Drejtoria Rajonale e Policis\u00eb n\u00eb Gjilan shpreh mir\u00ebnjohje p\u00ebr t\u00eb gjith\u00eb qytetar\u00ebt, institucionet, shkollat, m\u00ebsimdh\u00ebn\u00ebsit, nx\u00ebn\u00ebsit dhe partner\u00ebt e siguris\u00eb p\u00ebr bashk\u00ebpunimin dhe mb\u00ebshtetjen e vazhdueshme.<br \/>\nPolicia e Kosov\u00ebs gjithmon\u00eb n\u00eb sh\u00ebrbim t\u00eb qytetar\u00ebve!<\/p>\n","protected":false},"excerpt":{"rendered":"<p>Me rastin e sh\u00ebnimit t\u00eb 27 vjetorit t\u00eb themelimit t\u00eb Policis\u00eb s\u00eb Kosov\u00ebs, Drejtoria Rajonale e Policis\u00eb n\u00eb Gjilan n\u00eb kuad\u00ebr t\u00eb projektit \u201cRreze drite n\u00eb emblem\u00ebn time\u201d ka organizuar nj\u00eb s\u00ebr\u00eb aktivitetesh t\u00eb dedikuara p\u00ebr forcimin e bashk\u00ebpunimit me qytetar\u00ebt, ve\u00e7an\u00ebrisht me f\u00ebmij\u00ebt dhe t\u00eb rinjt\u00eb. P\u00ebrgjat\u00eb 27 viteve t\u00eb sh\u00ebrbimit Policia e Kosov\u00ebs [&hellip;]<\/p>\n","protected":false},"author":1,"featured_media":243104,"comment_status":"closed","ping_status":"closed","sticky":false,"template":"","format":"standard","meta":{"footnotes":""},"categories":[5],"tags":[],"tmauthors":[136],"class_list":["post-243103","post","type-post","status-publish","format-standard","has-post-thumbnail","category-lajme"],"_links":{"self":[{"href":"https:\/\/radiostargjilan.com\/web\/wp-json\/wp\/v2\/posts\/243103","targetHints":{"allow":["GET"]}}],"collection":[{"href":"https:\/\/radiostargjilan.com\/web\/wp-json\/wp\/v2\/posts"}],"about":[{"href":"https:\/\/radiostargjilan.com\/web\/wp-json\/wp\/v2\/types\/post"}],"author":[{"embeddable":true,"href":"https:\/\/radiostargjilan.com\/web\/wp-json\/wp\/v2\/users\/1"}],"replies":[{"embeddable":true,"href":"https:\/\/radiostargjilan.com\/web\/wp-json\/wp\/v2\/comments?post=243103"}],"version-history":[{"count":1,"href":"https:\/\/radiostargjilan.com\/web\/wp-json\/wp\/v2\/posts\/243103\/revisions"}],"predecessor-version":[{"id":243105,"href":"https:\/\/radiostargjilan.com\/web\/wp-json\/wp\/v2\/posts\/243103\/revisions\/243105"}],"wp:featuredmedia":[{"embeddable":true,"href":"https:\/\/radiostargjilan.com\/web\/wp-json\/wp\/v2\/media\/243104"}],"wp:attachment":[{"href":"https:\/\/radiostargjilan.com\/web\/wp-json\/wp\/v2\/media?parent=243103"}],"wp:term":[{"taxonomy":"category","embeddable":true,"href":"https:\/\/radiostargjilan.com\/web\/wp-json\/wp\/v2\/categories?post=243103"},{"taxonomy":"post_tag","embeddable":true,"href":"https:\/\/radiostargjilan.com\/web\/wp-json\/wp\/v2\/tags?post=243103"},{"taxonomy":"tmauthors","embeddable":true,"href":"https:\/\/radiostargjilan.com\/web\/wp-json\/wp\/v2\/tmauthors?post=243103"}],"curies":[{"name":"wp","href":"https:\/\/api.w.org\/{rel}","templated":true}]}}