{"id":243106,"date":"2026-09-04T13:36:51","date_gmt":"2026-09-04T11:36:51","guid":{"rendered":"https:\/\/radiostargjilan.com\/web\/?p=243106"},"modified":"2026-09-04T13:36:51","modified_gmt":"2026-09-04T11:36:51","slug":"kadri-rahimaj-viziton-zafer-spor-ne-burse-shaban-sadriu-shembull-i-ruajtjes-se-identitetit-shqiptar-ne-mergate","status":"publish","type":"post","link":"https:\/\/radiostargjilan.com\/web\/kadri-rahimaj-viziton-zafer-spor-ne-burse-shaban-sadriu-shembull-i-ruajtjes-se-identitetit-shqiptar-ne-mergate\/","title":{"rendered":"Kadri Rahimaj viziton Zafer Spor n\u00eb Burs\u00eb: Shaban Sadriu, shembull i ruajtjes s\u00eb identitetit shqiptar n\u00eb m\u00ebrgat\u00eb"},"content":{"rendered":"<p>Kryetari i Komun\u00ebs s\u00eb Kamenic\u00ebs, Kadri Rahimaj, ka vizituar kompleksin e klubit dhe shkoll\u00ebs s\u00eb futbollit \u201cZafer Spor\u201d n\u00eb Burs\u00eb, ku \u00ebsht\u00eb takuar me Shaban Sadriun, me origjin\u00eb nga Laj\u00e7iqi i Kamenic\u00ebs.<\/p>\n<p>Sadriu \u00ebsht\u00eb pjes\u00eb e nj\u00eb familjeje shqiptare q\u00eb u shp\u00ebrngul drejt Burs\u00ebs n\u00eb vitin 1971. Sot, ai drejton Klubin dhe Shkoll\u00ebn e Futbollit \u201cZafer Spor\u201d, ku edukohen dhe st\u00ebrviten mbi 250 f\u00ebmij\u00eb e t\u00eb rinj, shumica prej tyre me origjin\u00eb shqiptare.<\/p>\n<p>P\u00ebrtej aktiviteteve sportive, \u201cZafer Spor\u201d \u00ebsht\u00eb shnd\u00ebrruar n\u00eb nj\u00eb hap\u00ebsir\u00eb t\u00eb r\u00ebnd\u00ebsishme p\u00ebr komunitetin shqiptar dhe at\u00eb ballkanik n\u00eb Burs\u00eb. Prania e flamujve dhe simbolik\u00ebs shqiptare n\u00eb kompleks d\u00ebshmon p\u00ebr p\u00ebrkushtimin n\u00eb ruajtjen e gjuh\u00ebs, tradit\u00ebs dhe lidhjes me vendlindjen e t\u00eb par\u00ebve.<\/p>\n<p>Gjat\u00eb vizit\u00ebs, Rahimaj vler\u00ebsoi pun\u00ebn e Sadriut dhe kontributin e tij n\u00eb edukimin e brezave t\u00eb rinj dhe n\u00eb ruajtjen e identitetit shqiptar n\u00eb m\u00ebrgat\u00eb.<\/p>\n<p>Historia e Shaban Sadriut d\u00ebshmon se sporti mund t\u00eb jet\u00eb m\u00eb shum\u00eb se gar\u00eb \u2013 mund t\u00eb jet\u00eb nj\u00eb ur\u00eb q\u00eb lidh brezat me rr\u00ebnj\u00ebt, kultur\u00ebn dhe identitetin e tyre.<\/p>\n","protected":false},"excerpt":{"rendered":"<p>Kryetari i Komun\u00ebs s\u00eb Kamenic\u00ebs, Kadri Rahimaj, ka vizituar kompleksin e klubit dhe shkoll\u00ebs s\u00eb futbollit \u201cZafer Spor\u201d n\u00eb Burs\u00eb, ku \u00ebsht\u00eb takuar me Shaban Sadriun, me origjin\u00eb nga Laj\u00e7iqi i Kamenic\u00ebs. Sadriu \u00ebsht\u00eb pjes\u00eb e nj\u00eb familjeje shqiptare q\u00eb u shp\u00ebrngul drejt Burs\u00ebs n\u00eb vitin 1971. Sot, ai drejton Klubin dhe Shkoll\u00ebn e Futbollit [&hellip;]<\/p>\n","protected":false},"author":1,"featured_media":243107,"comment_status":"closed","ping_status":"closed","sticky":false,"template":"","format":"standard","meta":{"footnotes":""},"categories":[5],"tags":[],"tmauthors":[136],"class_list":["post-243106","post","type-post","status-publish","format-standard","has-post-thumbnail","category-lajme"],"_links":{"self":[{"href":"https:\/\/radiostargjilan.com\/web\/wp-json\/wp\/v2\/posts\/243106","targetHints":{"allow":["GET"]}}],"collection":[{"href":"https:\/\/radiostargjilan.com\/web\/wp-json\/wp\/v2\/posts"}],"about":[{"href":"https:\/\/radiostargjilan.com\/web\/wp-json\/wp\/v2\/types\/post"}],"author":[{"embeddable":true,"href":"https:\/\/radiostargjilan.com\/web\/wp-json\/wp\/v2\/users\/1"}],"replies":[{"embeddable":true,"href":"https:\/\/radiostargjilan.com\/web\/wp-json\/wp\/v2\/comments?post=243106"}],"version-history":[{"count":1,"href":"https:\/\/radiostargjilan.com\/web\/wp-json\/wp\/v2\/posts\/243106\/revisions"}],"predecessor-version":[{"id":243108,"href":"https:\/\/radiostargjilan.com\/web\/wp-json\/wp\/v2\/posts\/243106\/revisions\/243108"}],"wp:featuredmedia":[{"embeddable":true,"href":"https:\/\/radiostargjilan.com\/web\/wp-json\/wp\/v2\/media\/243107"}],"wp:attachment":[{"href":"https:\/\/radiostargjilan.com\/web\/wp-json\/wp\/v2\/media?parent=243106"}],"wp:term":[{"taxonomy":"category","embeddable":true,"href":"https:\/\/radiostargjilan.com\/web\/wp-json\/wp\/v2\/categories?post=243106"},{"taxonomy":"post_tag","embeddable":true,"href":"https:\/\/radiostargjilan.com\/web\/wp-json\/wp\/v2\/tags?post=243106"},{"taxonomy":"tmauthors","embeddable":true,"href":"https:\/\/radiostargjilan.com\/web\/wp-json\/wp\/v2\/tmauthors?post=243106"}],"curies":[{"name":"wp","href":"https:\/\/api.w.org\/{rel}","templated":true}]}}