{"id":243110,"date":"2026-09-04T15:45:08","date_gmt":"2026-09-04T13:45:08","guid":{"rendered":"https:\/\/radiostargjilan.com\/web\/?p=243110"},"modified":"2026-09-04T15:45:08","modified_gmt":"2026-09-04T13:45:08","slug":"seanca-konstituive-vazhdon-me-9-shtator","status":"publish","type":"post","link":"https:\/\/radiostargjilan.com\/web\/seanca-konstituive-vazhdon-me-9-shtator\/","title":{"rendered":"Seanca konstituive vazhdon m\u00eb 9 shtator"},"content":{"rendered":"<p>Kryesuesi i seanc\u00ebs konstituive ka njoftuar se vazhdimi i seanc\u00ebs konstituive do t\u00eb mbahet m\u00eb 9 shtator, n\u00eb or\u00ebn 11:00.<\/p>\n<p>P\u00ebrmes nj\u00eb postimi n\u00eb rrjetin social Facebook, ai ka th\u00ebn\u00eb se e sheh si lajm t\u00eb mir\u00eb arritjen e marr\u00ebveshjes nd\u00ebrmjet L\u00ebvizjes VET\u00cbVENDOSJE! dhe Lidhjes Demokratike t\u00eb Kosov\u00ebs.<\/p>\n<p>Megjithat\u00eb, ai ka theksuar se ende nuk ka qart\u00ebsi t\u00eb plot\u00eb n\u00ebse ekziston numri i nevojsh\u00ebm i deputet\u00ebve p\u00ebr konstituimin e t\u00eb gjitha institucioneve.<\/p>\n<p>\u201cSi Kryesues i Seanc\u00ebs Konstitutive e kam par\u00eb si nj\u00eb lajm t\u00eb mir\u00eb arritjen e marr\u00ebveshjes nd\u00ebrmjet L\u00ebvizjes VET\u00cbVENDOSJE! dhe Lidhjes Demokratike t\u00eb Kosov\u00ebs. Edhe pse ende nuk ka qart\u00ebsi t\u00eb plot\u00eb n\u00ebse ekziston numri i nevojsh\u00ebm i deputet\u00ebve p\u00ebr konstituimin e t\u00eb gjitha institucioneve, kam vendosur q\u00eb vazhdimin e Seanc\u00ebs Konstitutive ta th\u00ebrras m\u00eb 9 shtator, n\u00eb or\u00ebn 11:00\u201d, ka shkruar ai.<\/p>\n<p>Kryesuesi ka th\u00ebn\u00eb se deri n\u00eb at\u00eb dat\u00eb pret q\u00eb marr\u00ebveshja politike t\u00eb shoq\u00ebrohet me p\u00ebrgjegj\u00ebsi konkrete dhe gatishm\u00ebri t\u00eb deputet\u00ebve p\u00ebr t\u2019i p\u00ebrmbushur detyrimet e tyre kushtetuese.<\/p>\n<p>\u201cDeri at\u00ebher\u00eb pres q\u00eb kjo marr\u00ebveshje t\u00eb shoq\u00ebrohet me p\u00ebrgjegj\u00ebsi konkrete dhe me gatishm\u00ebri t\u00eb deputet\u00ebve p\u00ebr t\u2019i p\u00ebrmbushur detyrimet e tyre kushtetuese\u201d, ka deklaruar ai.<\/p>\n<p>N\u00eb fund, ai ka b\u00ebr\u00eb thirrje q\u00eb procesi i konstituimit t\u00eb institucioneve t\u00eb mos zvarritet m\u00eb tej, duke paralajm\u00ebruar se vendi nuk ka nevoj\u00eb p\u00ebr nj\u00eb kriz\u00eb t\u00eb re apo p\u00ebr zgjedhje t\u00eb tjera.<\/p>\n<p>\u201cKosova nuk ka nevoj\u00eb p\u00ebr nj\u00eb tjet\u00ebr zvarritje, as p\u00ebr nj\u00eb tjet\u00ebr kriz\u00eb dhe aq m\u00eb pak p\u00ebr nj\u00eb proces t\u00eb ri zgjedhor\u201d, ka shkruar Kryesuesi i Seanc\u00ebs Konstituive.<\/p>\n","protected":false},"excerpt":{"rendered":"<p>Kryesuesi i seanc\u00ebs konstituive ka njoftuar se vazhdimi i seanc\u00ebs konstituive do t\u00eb mbahet m\u00eb 9 shtator, n\u00eb or\u00ebn 11:00. P\u00ebrmes nj\u00eb postimi n\u00eb rrjetin social Facebook, ai ka th\u00ebn\u00eb se e sheh si lajm t\u00eb mir\u00eb arritjen e marr\u00ebveshjes nd\u00ebrmjet L\u00ebvizjes VET\u00cbVENDOSJE! dhe Lidhjes Demokratike t\u00eb Kosov\u00ebs. Megjithat\u00eb, ai ka theksuar se ende nuk [&hellip;]<\/p>\n","protected":false},"author":1,"featured_media":243111,"comment_status":"closed","ping_status":"closed","sticky":false,"template":"","format":"standard","meta":{"footnotes":""},"categories":[5],"tags":[],"tmauthors":[136],"class_list":["post-243110","post","type-post","status-publish","format-standard","has-post-thumbnail","category-lajme"],"_links":{"self":[{"href":"https:\/\/radiostargjilan.com\/web\/wp-json\/wp\/v2\/posts\/243110","targetHints":{"allow":["GET"]}}],"collection":[{"href":"https:\/\/radiostargjilan.com\/web\/wp-json\/wp\/v2\/posts"}],"about":[{"href":"https:\/\/radiostargjilan.com\/web\/wp-json\/wp\/v2\/types\/post"}],"author":[{"embeddable":true,"href":"https:\/\/radiostargjilan.com\/web\/wp-json\/wp\/v2\/users\/1"}],"replies":[{"embeddable":true,"href":"https:\/\/radiostargjilan.com\/web\/wp-json\/wp\/v2\/comments?post=243110"}],"version-history":[{"count":1,"href":"https:\/\/radiostargjilan.com\/web\/wp-json\/wp\/v2\/posts\/243110\/revisions"}],"predecessor-version":[{"id":243112,"href":"https:\/\/radiostargjilan.com\/web\/wp-json\/wp\/v2\/posts\/243110\/revisions\/243112"}],"wp:featuredmedia":[{"embeddable":true,"href":"https:\/\/radiostargjilan.com\/web\/wp-json\/wp\/v2\/media\/243111"}],"wp:attachment":[{"href":"https:\/\/radiostargjilan.com\/web\/wp-json\/wp\/v2\/media?parent=243110"}],"wp:term":[{"taxonomy":"category","embeddable":true,"href":"https:\/\/radiostargjilan.com\/web\/wp-json\/wp\/v2\/categories?post=243110"},{"taxonomy":"post_tag","embeddable":true,"href":"https:\/\/radiostargjilan.com\/web\/wp-json\/wp\/v2\/tags?post=243110"},{"taxonomy":"tmauthors","embeddable":true,"href":"https:\/\/radiostargjilan.com\/web\/wp-json\/wp\/v2\/tmauthors?post=243110"}],"curies":[{"name":"wp","href":"https:\/\/api.w.org\/{rel}","templated":true}]}}