{"id":243114,"date":"2026-09-04T16:52:11","date_gmt":"2026-09-04T14:52:11","guid":{"rendered":"https:\/\/radiostargjilan.com\/web\/?p=243114"},"modified":"2026-09-04T16:52:11","modified_gmt":"2026-09-04T14:52:11","slug":"gjykata-e-apelit-e-liron-nga-akuza-bajram-hasanin-dhe-tre-te-tjere","status":"publish","type":"post","link":"https:\/\/radiostargjilan.com\/web\/gjykata-e-apelit-e-liron-nga-akuza-bajram-hasanin-dhe-tre-te-tjere\/","title":{"rendered":"Gjykata e Apelit e liron nga akuza Bajram Hasanin dhe tre t\u00eb tjer\u00eb"},"content":{"rendered":"<p>Gjykata e Apelit e Kosov\u00ebs ka ndryshuar aktgjykimin e Gjykat\u00ebs Themelore n\u00eb Prishtin\u00eb dhe ka liruar nga akuza Ragip Begajn, Bajram Hasanin, Bashkim Krasniqin dhe Mal\u00eb Krasniqin, t\u00eb cil\u00ebt ishin shpallur fajtor\u00eb p\u00ebr keqp\u00ebrdorim t\u00eb pozit\u00ebs apo autoritetit zyrtar n\u00eb bashk\u00ebkryerje, raporton Sinjali.<\/p>\n<p>Gjykata e shkall\u00ebs s\u00eb par\u00eb e kishte d\u00ebnuar Ragip Begajn dhe Bajram Hasanin me nga dy vjet e gjasht\u00eb muaj burgim, nd\u00ebrsa Bashkim Krasniqin dhe Mal\u00eb Krasniqin me nga dy vjet burgim.<\/p>\n<p>Megjithat\u00eb, Apeli ka aprovuar ankesat e mbrojt\u00ebsve dhe ka konstatuar se gjendja faktike ishte v\u00ebrtetuar gabimisht dhe se nuk ishte provuar q\u00eb t\u00eb akuzuarit e kishin kryer vepr\u00ebn penale p\u00ebr t\u00eb cil\u00ebn ishin d\u00ebnuar.<\/p>\n<p>N\u00eb an\u00ebn tjet\u00ebr, Apeli e ka refuzuar si t\u00eb pabazuar ankes\u00ebn e Prokuroris\u00eb Speciale dhe e ka v\u00ebrtetuar pjes\u00ebn liruese t\u00eb aktgjykimit ndaj Faton Thaqit, Mal\u00eb Krasniqit, Nazmi Kafexhollit dhe Ahmet Rrahmanajt.<\/p>\n<p>K\u00ebta t\u00eb fundit akuzoheshin p\u00ebr vepra t\u00eb ndryshme penale, p\u00ebrfshir\u00eb keqp\u00ebrdorimin e pozit\u00ebs apo autoritetit zyrtar, mashtrimin dhe shp\u00eblarjen e parave.<\/p>\n<p>Gjykata ka vler\u00ebsuar se nga provat e administruara nuk \u00ebsht\u00eb d\u00ebshmuar se t\u00eb akuzuarit i kishin kryer veprat penale me t\u00eb cilat ngarkoheshin.<\/p>\n<p>Nd\u00ebrkaq, procedura penale ndaj Hajdin Berish\u00ebs \u00ebsht\u00eb pushuar p\u00ebr shkak t\u00eb vdekjes s\u00eb tij gjat\u00eb zhvillimit t\u00eb procedur\u00ebs.<\/p>\n<p>Vendimi \u00ebsht\u00eb marr\u00eb me aktgjykimin APS.nr.12\/2025, p\u00ebrmes t\u00eb cilit \u00ebsht\u00eb ndryshuar pjes\u00ebrisht aktgjykimi i Departamentit Special t\u00eb Gjykat\u00ebs Themelore n\u00eb Prishtin\u00eb.<\/p>\n","protected":false},"excerpt":{"rendered":"<p>Gjykata e Apelit e Kosov\u00ebs ka ndryshuar aktgjykimin e Gjykat\u00ebs Themelore n\u00eb Prishtin\u00eb dhe ka liruar nga akuza Ragip Begajn, Bajram Hasanin, Bashkim Krasniqin dhe Mal\u00eb Krasniqin, t\u00eb cil\u00ebt ishin shpallur fajtor\u00eb p\u00ebr keqp\u00ebrdorim t\u00eb pozit\u00ebs apo autoritetit zyrtar n\u00eb bashk\u00ebkryerje, raporton Sinjali. Gjykata e shkall\u00ebs s\u00eb par\u00eb e kishte d\u00ebnuar Ragip Begajn dhe Bajram [&hellip;]<\/p>\n","protected":false},"author":1,"featured_media":243118,"comment_status":"closed","ping_status":"closed","sticky":false,"template":"","format":"standard","meta":{"footnotes":""},"categories":[5],"tags":[],"tmauthors":[136],"class_list":["post-243114","post","type-post","status-publish","format-standard","has-post-thumbnail","category-lajme"],"_links":{"self":[{"href":"https:\/\/radiostargjilan.com\/web\/wp-json\/wp\/v2\/posts\/243114","targetHints":{"allow":["GET"]}}],"collection":[{"href":"https:\/\/radiostargjilan.com\/web\/wp-json\/wp\/v2\/posts"}],"about":[{"href":"https:\/\/radiostargjilan.com\/web\/wp-json\/wp\/v2\/types\/post"}],"author":[{"embeddable":true,"href":"https:\/\/radiostargjilan.com\/web\/wp-json\/wp\/v2\/users\/1"}],"replies":[{"embeddable":true,"href":"https:\/\/radiostargjilan.com\/web\/wp-json\/wp\/v2\/comments?post=243114"}],"version-history":[{"count":1,"href":"https:\/\/radiostargjilan.com\/web\/wp-json\/wp\/v2\/posts\/243114\/revisions"}],"predecessor-version":[{"id":243119,"href":"https:\/\/radiostargjilan.com\/web\/wp-json\/wp\/v2\/posts\/243114\/revisions\/243119"}],"wp:featuredmedia":[{"embeddable":true,"href":"https:\/\/radiostargjilan.com\/web\/wp-json\/wp\/v2\/media\/243118"}],"wp:attachment":[{"href":"https:\/\/radiostargjilan.com\/web\/wp-json\/wp\/v2\/media?parent=243114"}],"wp:term":[{"taxonomy":"category","embeddable":true,"href":"https:\/\/radiostargjilan.com\/web\/wp-json\/wp\/v2\/categories?post=243114"},{"taxonomy":"post_tag","embeddable":true,"href":"https:\/\/radiostargjilan.com\/web\/wp-json\/wp\/v2\/tags?post=243114"},{"taxonomy":"tmauthors","embeddable":true,"href":"https:\/\/radiostargjilan.com\/web\/wp-json\/wp\/v2\/tmauthors?post=243114"}],"curies":[{"name":"wp","href":"https:\/\/api.w.org\/{rel}","templated":true}]}}