{"id":243123,"date":"2026-09-04T20:37:47","date_gmt":"2026-09-04T18:37:47","guid":{"rendered":"https:\/\/radiostargjilan.com\/web\/?p=243123"},"modified":"2026-09-04T20:37:47","modified_gmt":"2026-09-04T18:37:47","slug":"parashikimi-i-motit-per-vikend-ihmk-temperaturat-mbesin-te-larta-pritet-te-arrijne-deri-ne-34-grade","status":"publish","type":"post","link":"https:\/\/radiostargjilan.com\/web\/parashikimi-i-motit-per-vikend-ihmk-temperaturat-mbesin-te-larta-pritet-te-arrijne-deri-ne-34-grade\/","title":{"rendered":"Parashikimi i motit p\u00ebr vikend, IHMK: Temperaturat mbesin t\u00eb larta, pritet t\u00eb arrijn\u00eb deri n\u00eb 34 grad\u00eb"},"content":{"rendered":"<p>Instituti Hidrometeorologjik i Kosov\u00ebs, ka dh\u00ebn\u00eb parashikimin e motit p\u00ebr dit\u00ebt e vikendit. N\u00eb njoftim thuhet se, gjat\u00eb t\u00eb shtun\u00ebs pritet t\u00eb ket\u00eb mot kryesisht me diell, dhe me vran\u00ebsira t\u00eb pakta, m\u00eb t\u00eb theksuara rreth viseve malore.<\/p>\n<p>Gjat\u00eb k\u00ebsaj dite, temperaturat minimale pritet t\u00eb jen\u00eb mes 9 dhe 12 grad\u00eb celsius, nd\u00ebrsa ato maksimale mes 29 dhe 34 grad\u00eb celsius.<\/p>\n<p>Nd\u00ebrsa t\u00eb diel\u00ebn, minimalet pritet t\u00eb sillen mes 10 dhe 15 grad\u00eb celsius, nd\u00ebrsa ato maksimale mes 28 dhe 31 grad\u00eb celsius.<\/p>\n<p>Postimi:<\/p>\n<p>PARASHIKIMI I MOTIT P\u00cbR VIKEND<\/p>\n<p> 05 dhe 06 shtator 2026<\/p>\n<p>Gjat\u00eb vikendit do t\u00eb mbaj\u00eb mot kryesisht me diell dhe me vran\u00ebsira t\u00eb pakta, kryesisht rreth relievit malor. Nuk parashihen reshje. Temperaturat gjat\u00eb dit\u00ebs do t\u00eb mbeten t\u00eb larta, nd\u00ebrsa net\u00ebt kan\u00eb filluar t\u00eb freskohen gradualisht n\u00eb raport me dit\u00ebt e fundit, kur temperaturat e nat\u00ebs kan\u00eb qen\u00eb m\u00eb t\u00eb larta dhe net\u00ebt m\u00eb t\u00eb ngrohta.<\/p>\n<p> E SHTUN\u00cb \u2013 05.09.2026<\/p>\n<p>Moti do t\u00eb jet\u00eb kryesisht me diell dhe me vran\u00ebsira t\u00eb pakta, m\u00eb t\u00eb theksuara rreth viseve malore.<\/p>\n<p> Temperaturat minimale: 9\u00b0C \u2013 12\u00b0C<\/p>\n<p> Temperaturat maksimale: 29\u00b0C \u2013 34\u00b0C<\/p>\n<p> Era: Kryesisht e dob\u00ebt, nga drejtime t\u00eb ndryshueshme, me shpejt\u00ebsi 1\u20134 m\/s.<\/p>\n<p> E DIEL \u2013 06.09.2026<\/p>\n<p>Do t\u00eb mbaj\u00eb mot kryesisht me diell dhe me vran\u00ebsira t\u00eb pakta, sidomos rreth relievit malor. Nuk parashihen reshje.<\/p>\n<p> Temperaturat minimale: 10\u00b0C \u2013 15\u00b0C<\/p>\n<p> Temperaturat maksimale: 28\u00b0C \u2013 31\u00b0C<\/p>\n<p> Era: E dob\u00ebt deri mesatare, kryesisht nga drejtimet veriore dhe verilindore, me shpejt\u00ebsi 1\u20135 m\/s.<\/p>\n","protected":false},"excerpt":{"rendered":"<p>Instituti Hidrometeorologjik i Kosov\u00ebs, ka dh\u00ebn\u00eb parashikimin e motit p\u00ebr dit\u00ebt e vikendit. N\u00eb njoftim thuhet se, gjat\u00eb t\u00eb shtun\u00ebs pritet t\u00eb ket\u00eb mot kryesisht me diell, dhe me vran\u00ebsira t\u00eb pakta, m\u00eb t\u00eb theksuara rreth viseve malore. Gjat\u00eb k\u00ebsaj dite, temperaturat minimale pritet t\u00eb jen\u00eb mes 9 dhe 12 grad\u00eb celsius, nd\u00ebrsa ato maksimale [&hellip;]<\/p>\n","protected":false},"author":1,"featured_media":243124,"comment_status":"closed","ping_status":"closed","sticky":false,"template":"","format":"standard","meta":{"footnotes":""},"categories":[5],"tags":[],"tmauthors":[136],"class_list":["post-243123","post","type-post","status-publish","format-standard","has-post-thumbnail","category-lajme"],"_links":{"self":[{"href":"https:\/\/radiostargjilan.com\/web\/wp-json\/wp\/v2\/posts\/243123","targetHints":{"allow":["GET"]}}],"collection":[{"href":"https:\/\/radiostargjilan.com\/web\/wp-json\/wp\/v2\/posts"}],"about":[{"href":"https:\/\/radiostargjilan.com\/web\/wp-json\/wp\/v2\/types\/post"}],"author":[{"embeddable":true,"href":"https:\/\/radiostargjilan.com\/web\/wp-json\/wp\/v2\/users\/1"}],"replies":[{"embeddable":true,"href":"https:\/\/radiostargjilan.com\/web\/wp-json\/wp\/v2\/comments?post=243123"}],"version-history":[{"count":1,"href":"https:\/\/radiostargjilan.com\/web\/wp-json\/wp\/v2\/posts\/243123\/revisions"}],"predecessor-version":[{"id":243125,"href":"https:\/\/radiostargjilan.com\/web\/wp-json\/wp\/v2\/posts\/243123\/revisions\/243125"}],"wp:featuredmedia":[{"embeddable":true,"href":"https:\/\/radiostargjilan.com\/web\/wp-json\/wp\/v2\/media\/243124"}],"wp:attachment":[{"href":"https:\/\/radiostargjilan.com\/web\/wp-json\/wp\/v2\/media?parent=243123"}],"wp:term":[{"taxonomy":"category","embeddable":true,"href":"https:\/\/radiostargjilan.com\/web\/wp-json\/wp\/v2\/categories?post=243123"},{"taxonomy":"post_tag","embeddable":true,"href":"https:\/\/radiostargjilan.com\/web\/wp-json\/wp\/v2\/tags?post=243123"},{"taxonomy":"tmauthors","embeddable":true,"href":"https:\/\/radiostargjilan.com\/web\/wp-json\/wp\/v2\/tmauthors?post=243123"}],"curies":[{"name":"wp","href":"https:\/\/api.w.org\/{rel}","templated":true}]}}