{"id":243126,"date":"2026-09-04T20:39:34","date_gmt":"2026-09-04T18:39:34","guid":{"rendered":"https:\/\/radiostargjilan.com\/web\/?p=243126"},"modified":"2026-09-04T20:39:34","modified_gmt":"2026-09-04T18:39:34","slug":"serbia-nderon-mlladiqit-reagon-kurti-veshtire-te-flitet-me-ate-shoqeri-per-perballje-me-te-kaluaren","status":"publish","type":"post","link":"https:\/\/radiostargjilan.com\/web\/serbia-nderon-mlladiqit-reagon-kurti-veshtire-te-flitet-me-ate-shoqeri-per-perballje-me-te-kaluaren\/","title":{"rendered":"Serbia nderon Mlladiqit, reagon Kurti: V\u00ebshtir\u00eb t\u00eb flitet me at\u00eb shoq\u00ebri p\u00ebr p\u00ebrballje me t\u00eb kaluar\u00ebn"},"content":{"rendered":"<p>Kryeministri n\u00eb detyr\u00eb, Albin Kurti, ka th\u00ebn\u00eb se \u00ebsht\u00eb e v\u00ebshtir\u00eb t\u00eb flitet me Serbin\u00eb p\u00ebr p\u00ebrballje me t\u00eb kaluar\u00ebn, pendes\u00eb apo distancim nga politika q\u00eb ka prodhuar krime lufte, kur ky shtet e glorifikon nj\u00eb kriminel lufte si Ratko Mlladiq.<\/p>\n<p>Gjat\u00eb nj\u00eb tryeze shkencore t\u00eb organizuar nga Instituti i Krimeve t\u00eb Kryera Gjat\u00eb Luft\u00ebs n\u00eb Kosov\u00eb dhe Instituti i Historis\u00eb \u201cAli Hadri\u201d p\u00ebr rolin e elitave intelektuale serbe dhe ndikimin e ideologjis\u00eb nacionaliste n\u00eb zhvillimet q\u00eb pasuan n\u00eb ish-Jugoosllavi, Kurti ka komentuar p\u00ebr pritjen me nderime t\u00eb larta q\u00eb ia b\u00ebri Serbia trupit t\u00eb Mlladiqit q\u00eb vdiq n\u00eb Hag\u00eb, si i d\u00ebnuar p\u00ebr gjenocid n\u00eb Bosnj\u00eb.<\/p>\n<p>\u201cEkziston nj\u00eb paradoks i madh te fqinji yn\u00eb verior. Trupi i pajet\u00eb i kriminelit Ratko Mlladiq, i d\u00ebnuar p\u00ebr gjenocid dhe krime lufte, po pritet me nderime t\u00eb larta shtet\u00ebrore nga ish-ministri i Millosheviqit, tash president i Serbis\u00eb, Aleksandar Vu\u00e7iq. Nga protagonisti i gjuetis\u00eb me njer\u00ebz n\u00eb Sarajev\u00ebn e rrethuar n\u00eb Bosnje, tash i njohur si \u201cSarajevo Safari\u201d, Aleksandar Vu\u00e7iq me nderime t\u00eb larta shtet\u00ebrore pret kryer\u00ebsin e krimit n\u00eb Bosnj\u00eb, Ratko Mladiq, tash i ndjer\u00eb pasi q\u00eb vdiq n\u00eb burg n\u00eb Hag\u00eb. Nga ai q\u00eb p\u00ebrve\u00e7 tjerash tha se p\u00ebr nj\u00eb serb t\u00eb vrar\u00eb do t\u00eb vriten 100 musliman\u00eb boshnjak\u00eb, vet\u00ebm nj\u00eb jav\u00eb pas Masakr\u00ebs s\u00eb Srebrenic\u00ebs. Ky \u00ebsht\u00eb edhe nj\u00eb shembull i qart\u00eb i m\u00ebnyr\u00ebs s\u00eb si n\u00eb Serbi glorifikohet figura e nj\u00ebrit prej p\u00ebrgjegj\u00ebsve kryesor\u00eb p\u00ebr krimet m\u00eb t\u00eb r\u00ebnda t\u00eb luft\u00ebs n\u00eb Bosnje. Kur nj\u00eb shoq\u00ebri nderon publikisht nj\u00eb t\u00eb d\u00ebnuar p\u00ebr gjenocid, \u00ebsht\u00eb e v\u00ebshtir\u00eb t\u00eb flitet p\u00ebr p\u00ebrballje me t\u00eb kaluar, pendes\u00eb apo distancim nga politika q\u00eb prodhoi ato krime\u2019\u2019, ka th\u00ebn\u00eb ai.<\/p>\n<p>Trupi i kriminelit t\u00eb d\u00ebnuar t\u00eb luft\u00ebs Ratko Mlladiq, q\u00eb vdiq m\u00eb 27 gusht n\u00eb burgun e Hag\u00ebs, \u00ebsht\u00eb pritur me nderime t\u00eb larta ushtarake n\u00eb Beograd t\u00eb enjten. Veprimi \u00ebsht\u00eb d\u00ebnuar nga Bashkimi Evropian, nd\u00ebrsa komisionerja p\u00ebr Zgjerim, Marta Kos, anuloi vizit\u00ebn e planifikuar n\u00eb Serbi.<\/p>\n","protected":false},"excerpt":{"rendered":"<p>Kryeministri n\u00eb detyr\u00eb, Albin Kurti, ka th\u00ebn\u00eb se \u00ebsht\u00eb e v\u00ebshtir\u00eb t\u00eb flitet me Serbin\u00eb p\u00ebr p\u00ebrballje me t\u00eb kaluar\u00ebn, pendes\u00eb apo distancim nga politika q\u00eb ka prodhuar krime lufte, kur ky shtet e glorifikon nj\u00eb kriminel lufte si Ratko Mlladiq. Gjat\u00eb nj\u00eb tryeze shkencore t\u00eb organizuar nga Instituti i Krimeve t\u00eb Kryera Gjat\u00eb Luft\u00ebs [&hellip;]<\/p>\n","protected":false},"author":1,"featured_media":242941,"comment_status":"closed","ping_status":"closed","sticky":false,"template":"","format":"standard","meta":{"footnotes":""},"categories":[5],"tags":[],"tmauthors":[136],"class_list":["post-243126","post","type-post","status-publish","format-standard","has-post-thumbnail","category-lajme"],"_links":{"self":[{"href":"https:\/\/radiostargjilan.com\/web\/wp-json\/wp\/v2\/posts\/243126","targetHints":{"allow":["GET"]}}],"collection":[{"href":"https:\/\/radiostargjilan.com\/web\/wp-json\/wp\/v2\/posts"}],"about":[{"href":"https:\/\/radiostargjilan.com\/web\/wp-json\/wp\/v2\/types\/post"}],"author":[{"embeddable":true,"href":"https:\/\/radiostargjilan.com\/web\/wp-json\/wp\/v2\/users\/1"}],"replies":[{"embeddable":true,"href":"https:\/\/radiostargjilan.com\/web\/wp-json\/wp\/v2\/comments?post=243126"}],"version-history":[{"count":1,"href":"https:\/\/radiostargjilan.com\/web\/wp-json\/wp\/v2\/posts\/243126\/revisions"}],"predecessor-version":[{"id":243127,"href":"https:\/\/radiostargjilan.com\/web\/wp-json\/wp\/v2\/posts\/243126\/revisions\/243127"}],"wp:featuredmedia":[{"embeddable":true,"href":"https:\/\/radiostargjilan.com\/web\/wp-json\/wp\/v2\/media\/242941"}],"wp:attachment":[{"href":"https:\/\/radiostargjilan.com\/web\/wp-json\/wp\/v2\/media?parent=243126"}],"wp:term":[{"taxonomy":"category","embeddable":true,"href":"https:\/\/radiostargjilan.com\/web\/wp-json\/wp\/v2\/categories?post=243126"},{"taxonomy":"post_tag","embeddable":true,"href":"https:\/\/radiostargjilan.com\/web\/wp-json\/wp\/v2\/tags?post=243126"},{"taxonomy":"tmauthors","embeddable":true,"href":"https:\/\/radiostargjilan.com\/web\/wp-json\/wp\/v2\/tmauthors?post=243126"}],"curies":[{"name":"wp","href":"https:\/\/api.w.org\/{rel}","templated":true}]}}