{"id":243128,"date":"2026-09-04T21:52:29","date_gmt":"2026-09-04T19:52:29","guid":{"rendered":"https:\/\/radiostargjilan.com\/web\/?p=243128"},"modified":"2026-09-04T21:52:29","modified_gmt":"2026-09-04T19:52:29","slug":"fc-drita-i-bashkohet-nismes-liria-ka-emer-te-gjithe-bashke-me-12-shtator-per-clirimtaret-ne-hage","status":"publish","type":"post","link":"https:\/\/radiostargjilan.com\/web\/fc-drita-i-bashkohet-nismes-liria-ka-emer-te-gjithe-bashke-me-12-shtator-per-clirimtaret-ne-hage\/","title":{"rendered":"FC Drita i bashkohet nism\u00ebs \u201cLiria ka Em\u00ebr\u201d: T\u00eb gjith\u00eb bashk\u00eb m\u00eb 12 shtator p\u00ebr \u00e7lirimtar\u00ebt n\u00eb Hag\u00eb"},"content":{"rendered":"<p>Stafi dhe futbollist\u00ebt e FC Drit\u00ebs kan\u00eb pritur organizator\u00ebt e nism\u00ebs \u201cLiria ka Em\u00ebr\u201d dhe deputet\u00eb, n\u00eb kuad\u00ebr t\u00eb mobilizimit p\u00ebr Marshin p\u00ebr \u00c7lirimtar\u00ebt. <\/p>\n<p>Edhe gjilanasit i jan\u00eb bashkuar k\u00ebsaj nisme, duke b\u00ebr\u00eb thirrje p\u00ebr pjes\u00ebmarrje m\u00eb 12 shtator, n\u00eb mb\u00ebshtetje t\u00eb ish-pjes\u00ebtar\u00ebve t\u00eb U\u00c7K-s\u00eb q\u00eb po gjykohen n\u00eb Hag\u00eb.<\/p>\n<div class=\"iframely-embed\">\n<div class=\"iframely-responsive\" style=\"padding-bottom: 66.6667%; padding-top: 120px;\"><a href=\"https:\/\/www.facebook.com\/dritafcofficial\/posts\/12-shtatori-%C3%ABsht%C3%AB-data-kur-t%C3%AB-gjith%C3%AB-duhet-t%C3%AB-jemi-bashk%C3%AB-n%C3%AB-marshin-p%C3%ABr-%C3%A7lirimt\/1728469608728765\/\" data-iframely-url=\"https:\/\/iframely.net\/LGh7Vbr0?theme=dark\"><\/a><\/div>\n<\/div>\n<p><script async src=\"https:\/\/iframely.net\/embed.js\"><\/script><\/p>\n","protected":false},"excerpt":{"rendered":"<p>Stafi dhe futbollist\u00ebt e FC Drit\u00ebs kan\u00eb pritur organizator\u00ebt e nism\u00ebs \u201cLiria ka Em\u00ebr\u201d dhe deputet\u00eb, n\u00eb kuad\u00ebr t\u00eb mobilizimit p\u00ebr Marshin p\u00ebr \u00c7lirimtar\u00ebt. Edhe gjilanasit i jan\u00eb bashkuar k\u00ebsaj nisme, duke b\u00ebr\u00eb thirrje p\u00ebr pjes\u00ebmarrje m\u00eb 12 shtator, n\u00eb mb\u00ebshtetje t\u00eb ish-pjes\u00ebtar\u00ebve t\u00eb U\u00c7K-s\u00eb q\u00eb po gjykohen n\u00eb Hag\u00eb.<\/p>\n","protected":false},"author":1,"featured_media":243129,"comment_status":"closed","ping_status":"closed","sticky":false,"template":"","format":"standard","meta":{"footnotes":""},"categories":[5],"tags":[],"tmauthors":[136],"class_list":["post-243128","post","type-post","status-publish","format-standard","has-post-thumbnail","category-lajme"],"_links":{"self":[{"href":"https:\/\/radiostargjilan.com\/web\/wp-json\/wp\/v2\/posts\/243128","targetHints":{"allow":["GET"]}}],"collection":[{"href":"https:\/\/radiostargjilan.com\/web\/wp-json\/wp\/v2\/posts"}],"about":[{"href":"https:\/\/radiostargjilan.com\/web\/wp-json\/wp\/v2\/types\/post"}],"author":[{"embeddable":true,"href":"https:\/\/radiostargjilan.com\/web\/wp-json\/wp\/v2\/users\/1"}],"replies":[{"embeddable":true,"href":"https:\/\/radiostargjilan.com\/web\/wp-json\/wp\/v2\/comments?post=243128"}],"version-history":[{"count":1,"href":"https:\/\/radiostargjilan.com\/web\/wp-json\/wp\/v2\/posts\/243128\/revisions"}],"predecessor-version":[{"id":243130,"href":"https:\/\/radiostargjilan.com\/web\/wp-json\/wp\/v2\/posts\/243128\/revisions\/243130"}],"wp:featuredmedia":[{"embeddable":true,"href":"https:\/\/radiostargjilan.com\/web\/wp-json\/wp\/v2\/media\/243129"}],"wp:attachment":[{"href":"https:\/\/radiostargjilan.com\/web\/wp-json\/wp\/v2\/media?parent=243128"}],"wp:term":[{"taxonomy":"category","embeddable":true,"href":"https:\/\/radiostargjilan.com\/web\/wp-json\/wp\/v2\/categories?post=243128"},{"taxonomy":"post_tag","embeddable":true,"href":"https:\/\/radiostargjilan.com\/web\/wp-json\/wp\/v2\/tags?post=243128"},{"taxonomy":"tmauthors","embeddable":true,"href":"https:\/\/radiostargjilan.com\/web\/wp-json\/wp\/v2\/tmauthors?post=243128"}],"curies":[{"name":"wp","href":"https:\/\/api.w.org\/{rel}","templated":true}]}}