{"id":243135,"date":"2026-09-05T09:00:29","date_gmt":"2026-09-05T07:00:29","guid":{"rendered":"https:\/\/radiostargjilan.com\/web\/?p=243135"},"modified":"2026-09-05T09:00:29","modified_gmt":"2026-09-05T07:00:29","slug":"moti-mbi-vendin-tone-419","status":"publish","type":"post","link":"https:\/\/radiostargjilan.com\/web\/moti-mbi-vendin-tone-419\/","title":{"rendered":"Moti mbi vendin ton\u00eb"},"content":{"rendered":"<p>T\u00eb shtun\u00ebn parashikohet t\u00eb mbaj\u00eb mot me diell dhe shum\u00eb i nxeht\u00eb. Rrezik nga dehidrimi dhe goditja e nxeht\u00ebsis\u00eb n\u00ebse q\u00ebndroni jasht\u00eb p\u00ebr periudha t\u00eb gjata kohore.<\/p>\n<p>Era do t\u00eb fryj\u00eb nga drejtime t\u00eb ndryshme, me shpejt\u00ebsi prej 9-24 km\/h.<\/p>\n<p>Temperaturat do t\u00eb sh\u00ebnojn\u00eb ngritje t\u00eb theksueshme, me minimale q\u00eb do t\u00eb l\u00ebvizin prej 13 deri n\u00eb 16\u00b0C, nd\u00ebrsa ato maksimale prej 34 deri n\u00eb 36\u00b0C.<\/p>\n","protected":false},"excerpt":{"rendered":"<p>T\u00eb shtun\u00ebn parashikohet t\u00eb mbaj\u00eb mot me diell dhe shum\u00eb i nxeht\u00eb. Rrezik nga dehidrimi dhe goditja e nxeht\u00ebsis\u00eb n\u00ebse q\u00ebndroni jasht\u00eb p\u00ebr periudha t\u00eb gjata kohore. Era do t\u00eb fryj\u00eb nga drejtime t\u00eb ndryshme, me shpejt\u00ebsi prej 9-24 km\/h. Temperaturat do t\u00eb sh\u00ebnojn\u00eb ngritje t\u00eb theksueshme, me minimale q\u00eb do t\u00eb l\u00ebvizin prej 13 [&hellip;]<\/p>\n","protected":false},"author":1,"featured_media":242579,"comment_status":"closed","ping_status":"closed","sticky":false,"template":"","format":"standard","meta":{"footnotes":""},"categories":[5],"tags":[],"tmauthors":[136],"class_list":["post-243135","post","type-post","status-publish","format-standard","has-post-thumbnail","category-lajme"],"_links":{"self":[{"href":"https:\/\/radiostargjilan.com\/web\/wp-json\/wp\/v2\/posts\/243135","targetHints":{"allow":["GET"]}}],"collection":[{"href":"https:\/\/radiostargjilan.com\/web\/wp-json\/wp\/v2\/posts"}],"about":[{"href":"https:\/\/radiostargjilan.com\/web\/wp-json\/wp\/v2\/types\/post"}],"author":[{"embeddable":true,"href":"https:\/\/radiostargjilan.com\/web\/wp-json\/wp\/v2\/users\/1"}],"replies":[{"embeddable":true,"href":"https:\/\/radiostargjilan.com\/web\/wp-json\/wp\/v2\/comments?post=243135"}],"version-history":[{"count":1,"href":"https:\/\/radiostargjilan.com\/web\/wp-json\/wp\/v2\/posts\/243135\/revisions"}],"predecessor-version":[{"id":243136,"href":"https:\/\/radiostargjilan.com\/web\/wp-json\/wp\/v2\/posts\/243135\/revisions\/243136"}],"wp:featuredmedia":[{"embeddable":true,"href":"https:\/\/radiostargjilan.com\/web\/wp-json\/wp\/v2\/media\/242579"}],"wp:attachment":[{"href":"https:\/\/radiostargjilan.com\/web\/wp-json\/wp\/v2\/media?parent=243135"}],"wp:term":[{"taxonomy":"category","embeddable":true,"href":"https:\/\/radiostargjilan.com\/web\/wp-json\/wp\/v2\/categories?post=243135"},{"taxonomy":"post_tag","embeddable":true,"href":"https:\/\/radiostargjilan.com\/web\/wp-json\/wp\/v2\/tags?post=243135"},{"taxonomy":"tmauthors","embeddable":true,"href":"https:\/\/radiostargjilan.com\/web\/wp-json\/wp\/v2\/tmauthors?post=243135"}],"curies":[{"name":"wp","href":"https:\/\/api.w.org\/{rel}","templated":true}]}}