{"id":243145,"date":"2026-09-05T14:28:50","date_gmt":"2026-09-05T12:28:50","guid":{"rendered":"https:\/\/radiostargjilan.com\/web\/?p=243145"},"modified":"2026-09-05T14:28:50","modified_gmt":"2026-09-05T12:28:50","slug":"lutfi-haziri-zbulon-prapaskenat-si-doli-ne-shesh-pretendimi-per-bekim-sejdiun-si-president","status":"publish","type":"post","link":"https:\/\/radiostargjilan.com\/web\/lutfi-haziri-zbulon-prapaskenat-si-doli-ne-shesh-pretendimi-per-bekim-sejdiun-si-president\/","title":{"rendered":"Lutfi Haziri zbulon prapaskenat: Si doli n\u00eb shesh pretendimi p\u00ebr Bekim Sejdiun si president?"},"content":{"rendered":"<p>N\u00ebnkryetari i Lidhjes Demokratike t\u00eb Kosov\u00ebs, Lutfi Haziri, n\u00eb nj\u00eb intervist\u00eb t\u00eb publikuar mbr\u00ebmjen e s\u00eb premtes, zbuloi prapaskena nga negociatat e Lumir Abdixhikut dhe Vjosa Osmanit me Albin Kurtin p\u00ebr kandidatin konsensual p\u00ebr president.<\/p>\n<p>Haziri n\u00eb Vox Kosova fillimisht zbuloi se Abdixhiku, qysh nga fillimi, q\u00eb nga konferenca ku prezantoi emrin e Bekim Sejdiut p\u00ebr president, e dinte se nuk i kishte t\u00eb gjitha votat e nevojshme nga deputet\u00ebt e LDK-s\u00eb.<\/p>\n<p>\u201cPo, dhe para atij takimi, n\u00eb bised\u00eb me Abdixhikun, nuk \u00ebsht\u00eb \u00e7\u00ebshtje e or\u00ebve, e dit\u00ebve. E kam th\u00ebn\u00eb q\u00eb bashk\u00ebpunimi n\u00eb GP e determinon bashk\u00ebpunimin me partner\u00eb t\u00eb tjer\u00eb, n\u00eb k\u00ebt\u00eb rast me VV-n\u00eb. N\u00ebse nuk e arrijm\u00eb t\u00eb nd\u00ebrtojm\u00eb unitet funksional dhe t\u00eb besuesh\u00ebm, LDK-ja duhet ta ket\u00eb parasysh se nuk mund t\u00eb p\u00ebrballohet n\u00eb procese t\u00eb tjera\u201d, tha ai.<\/p>\n<p>M\u00eb pas, n\u00ebnkryetari dhe deputeti i LDK-s\u00eb njoftoi se Bekim Sejdiu nuk ka qen\u00eb vet\u00ebm propozim i k\u00ebsaj partie, por edhe i L\u00ebvizjes Vet\u00ebvendosje t\u00eb Albin Kurtit, ndon\u00ebse Abdixhiku kishte tentuar ta paraqiste k\u00ebt\u00eb situat\u00eb ndryshe.<\/p>\n<p>\u201cEdhe i LDK-s\u00eb ka qen\u00eb, jo vet\u00ebm i LDK-s\u00eb. Modeli q\u00eb e kemi p\u00ebrcaktuar ka qen\u00eb ky: secila pal\u00eb nga tri propozime, s\u00eb paku n\u00eb biseda, dhe m\u00eb pas s\u00eb bashku t\u00eb determinojm\u00eb nj\u00eb em\u00ebr. LDK-ja ka dal\u00eb me tri propozime, VV-ja me 10 propozime. Nga 13 propozime, vet\u00ebm nj\u00eb em\u00ebr ka qen\u00eb n\u00eb dy lista i p\u00ebrfshir\u00eb dhe kjo ka qen\u00eb p\u00ebrcaktuese\u201d, tha Haziri.<\/p>\n<p>Kreu i LDK-s\u00eb, n\u00eb nj\u00eb intervist\u00eb t\u00eb dh\u00ebn\u00eb para pak dit\u00ebsh n\u00eb Kanal 10, tha se Bekim Sejdiu \u00ebsht\u00eb \u201cLDK n\u00eb thelb\u201d, madje kishte shprehur edhe frik\u00ebn se \u201cVV-ja do t\u00eb t\u00ebrhiqej nga marr\u00ebveshja n\u00eb momentin e fundit\u201d.<\/p>\n<p>\u201cBekim Sejdiu \u00ebsht\u00eb LDK n\u00eb thelb, rugovist n\u00eb bindje\u201d, tha Abdixhiku.<\/p>\n<p>\u201cKam pasur frik\u00eb se n\u00eb momentet e fundit L\u00ebvizja Vet\u00ebvendosje do ta prishte marr\u00ebveshjen\u201d, deklaroi ai.<\/p>\n<p>Kreu i LDK-s\u00eb n\u00eb vazhdim\u00ebsi ka dh\u00ebn\u00eb deklarata kund\u00ebr gjasht\u00eb deputet\u00ebve t\u00eb partis\u00eb s\u00eb tij, t\u00eb cil\u00ebt publikisht deklaruan se nuk e p\u00ebrkrahin emrin e Bekim Sejdiut p\u00ebr president, duke tentuar t\u2019ua l\u00ebr\u00eb fajin atyre n\u00ebse vendi shkon n\u00eb zgjedhje.<\/p>\n<p>Megjithat\u00eb, Haziri b\u00ebri me dije se, p\u00ebrve\u00e7 tyre, jan\u00eb edhe disa deputet\u00eb t\u00eb tjer\u00eb t\u00eb LDK-s\u00eb me hezitime serioze rreth k\u00ebsaj marr\u00ebveshjeje.<\/p>\n<p>\u201cM\u00eb e r\u00ebnd\u00ebsishme \u00ebsht\u00eb LDK-ja p\u00ebr mua sesa nj\u00eb em\u00ebr i p\u00ebrve\u00e7\u00ebm. Pse duhet ta japim LDK-n\u00eb p\u00ebr nj\u00eb em\u00ebr, pse duhet t\u00eb b\u00ebhet m\u00eb i vlefsh\u00ebm nj\u00eb em\u00ebr se 10 vet\u00eb? Nuk ka k\u00ebtu gjasht\u00eb vet\u00eb, jan\u00eb edhe gjasht\u00eb t\u00eb tjer\u00eb me hezitime serioze q\u00eb b\u00ebjn\u00eb 12\u201d, tha ai.<\/p>\n","protected":false},"excerpt":{"rendered":"<p>N\u00ebnkryetari i Lidhjes Demokratike t\u00eb Kosov\u00ebs, Lutfi Haziri, n\u00eb nj\u00eb intervist\u00eb t\u00eb publikuar mbr\u00ebmjen e s\u00eb premtes, zbuloi prapaskena nga negociatat e Lumir Abdixhikut dhe Vjosa Osmanit me Albin Kurtin p\u00ebr kandidatin konsensual p\u00ebr president. Haziri n\u00eb Vox Kosova fillimisht zbuloi se Abdixhiku, qysh nga fillimi, q\u00eb nga konferenca ku prezantoi emrin e Bekim Sejdiut [&hellip;]<\/p>\n","protected":false},"author":1,"featured_media":243146,"comment_status":"closed","ping_status":"closed","sticky":false,"template":"","format":"standard","meta":{"footnotes":""},"categories":[5],"tags":[],"tmauthors":[136],"class_list":["post-243145","post","type-post","status-publish","format-standard","has-post-thumbnail","category-lajme"],"_links":{"self":[{"href":"https:\/\/radiostargjilan.com\/web\/wp-json\/wp\/v2\/posts\/243145","targetHints":{"allow":["GET"]}}],"collection":[{"href":"https:\/\/radiostargjilan.com\/web\/wp-json\/wp\/v2\/posts"}],"about":[{"href":"https:\/\/radiostargjilan.com\/web\/wp-json\/wp\/v2\/types\/post"}],"author":[{"embeddable":true,"href":"https:\/\/radiostargjilan.com\/web\/wp-json\/wp\/v2\/users\/1"}],"replies":[{"embeddable":true,"href":"https:\/\/radiostargjilan.com\/web\/wp-json\/wp\/v2\/comments?post=243145"}],"version-history":[{"count":1,"href":"https:\/\/radiostargjilan.com\/web\/wp-json\/wp\/v2\/posts\/243145\/revisions"}],"predecessor-version":[{"id":243147,"href":"https:\/\/radiostargjilan.com\/web\/wp-json\/wp\/v2\/posts\/243145\/revisions\/243147"}],"wp:featuredmedia":[{"embeddable":true,"href":"https:\/\/radiostargjilan.com\/web\/wp-json\/wp\/v2\/media\/243146"}],"wp:attachment":[{"href":"https:\/\/radiostargjilan.com\/web\/wp-json\/wp\/v2\/media?parent=243145"}],"wp:term":[{"taxonomy":"category","embeddable":true,"href":"https:\/\/radiostargjilan.com\/web\/wp-json\/wp\/v2\/categories?post=243145"},{"taxonomy":"post_tag","embeddable":true,"href":"https:\/\/radiostargjilan.com\/web\/wp-json\/wp\/v2\/tags?post=243145"},{"taxonomy":"tmauthors","embeddable":true,"href":"https:\/\/radiostargjilan.com\/web\/wp-json\/wp\/v2\/tmauthors?post=243145"}],"curies":[{"name":"wp","href":"https:\/\/api.w.org\/{rel}","templated":true}]}}