{"id":243149,"date":"2026-09-05T15:39:38","date_gmt":"2026-09-05T13:39:38","guid":{"rendered":"https:\/\/radiostargjilan.com\/web\/?p=243149"},"modified":"2026-09-05T15:39:38","modified_gmt":"2026-09-05T13:39:38","slug":"mesimdhenesit-mbajne-evidencen-ne-flete-nje-jave-pa-ditare-ne-shkolla","status":"publish","type":"post","link":"https:\/\/radiostargjilan.com\/web\/mesimdhenesit-mbajne-evidencen-ne-flete-nje-jave-pa-ditare-ne-shkolla\/","title":{"rendered":"\u200bM\u00ebsimdh\u00ebn\u00ebsit mbajn\u00eb evidenc\u00ebn n\u00eb flet\u00eb, nj\u00eb jav\u00eb pa ditar\u00eb n\u00eb shkolla"},"content":{"rendered":"<p>Nj\u00eb jav\u00eb pas nisjes s\u00eb vitit t\u00eb ri shkollor 2026\/2027, n\u00eb shkollat e Kosov\u00ebs, ende nuk kan\u00eb arritur ditar\u00ebt e klasave, nd\u00ebrsa m\u00ebsimdh\u00ebn\u00ebsit po detyrohen t\u00eb mbajn\u00eb evidenc\u00ebn e or\u00ebve dhe mungesave t\u00eb nx\u00ebn\u00ebsve n\u00eb flet\u00eb t\u00eb printuara.<\/p>\n<p>N\u00eb Shkoll\u00ebn Fillore dhe t\u00eb Mesme t\u00eb Ul\u00ebt \u201cPavar\u00ebsia\u201d n\u00eb Prishtin\u00eb, drejtoria ka p\u00ebrgatitur nj\u00eb format t\u00eb p\u00ebrkohsh\u00ebm t\u00eb ditarit n\u00eb let\u00ebr A4, t\u00eb cilin m\u00ebsimdh\u00ebn\u00ebsit po e p\u00ebrdorin deri n\u00eb furnizimin me ditar\u00eb zyrtar\u00eb.<\/p>\n<p>Drejtori i k\u00ebsaj shkolle, Halil Braha, thot\u00eb p\u00ebr KosovaPress, se t\u00eb gjitha sh\u00ebnimet e b\u00ebra gjat\u00eb k\u00ebsaj periudhe do t\u00eb barten m\u00eb von\u00eb n\u00eb ditar\u00ebt e klasave, nd\u00ebrsa flet\u00ebt do t\u00eb ruhen n\u00eb arkivin e shkoll\u00ebs.<\/p>\n<p>\u201cP\u00ebr munges\u00ebn e ditar\u00ebve, ne kemi b\u00ebr\u00eb nj\u00eb format t\u00eb ditarit n\u00eb let\u00ebr A4. I kemi printuar p\u00ebr nj\u00eb jav\u00eb t\u00eb plot\u00eb dhe m\u00ebsimdh\u00ebn\u00ebsit tan\u00eb i p\u00ebrdorin ato evidenca, n\u00eb m\u00ebnyr\u00eb q\u00eb pastaj, sapo t\u00eb vijn\u00eb ditar\u00ebt, i marrin po t\u00eb nj\u00ebjtat sh\u00ebnime nga k\u00ebto evidenca dhe i bartin n\u00eb ditar\u00ebt e klas\u00ebs. E k\u00ebto evidenca do t\u2019i ruajm\u00eb n\u00eb arkivin e shkoll\u00ebs si d\u00ebshmi e pun\u00ebs n\u00eb nj\u00eb vit q\u00eb nuk \u00ebsht\u00eb q\u00eb i p\u00ebrgatitur\u201d, tha ai.<\/p>\n<p>Braha tha se nj\u00eb situat\u00eb e ngjashme me vones\u00ebn e ditar\u00ebve kishte ndodhur edhe gjat\u00eb pandemis\u00eb, e edhe at\u00ebher\u00eb kjo vones\u00eb kishte zgjatur vet\u00ebm tri dit\u00eb pas fillimit t\u00eb vitit shkollor.<\/p>\n<p>Sipas tij, mungesa e ditar\u00ebve po krijon v\u00ebshtir\u00ebsi edhe n\u00eb evidentimin e mungesave t\u00eb nx\u00ebn\u00ebsve dhe n\u00eb regjistrimin e rregullt t\u00eb or\u00ebve m\u00ebsimore.<\/p>\n<p>\u201cGjithsesi q\u00eb krijon v\u00ebshtir\u00ebsi, sepse nuk mund t\u00eb merren me rregull evidencat e munges\u00ebs s\u00eb nx\u00ebn\u00ebsve. Dometh\u00ebn\u00eb kjo krijon v\u00ebshtir\u00ebsi q\u00eb nuk evidentohen n\u00eb m\u00ebnyr\u00eb t\u00eb rregullt, se mungojn\u00eb hap\u00ebsirat p\u00ebr k\u00ebt\u00eb. Dhe p\u00ebrve\u00e7 k\u00ebsaj, natyrisht edhe vendosja me koh\u00eb e or\u00ebve t\u00eb m\u00ebsimit n\u00eb ditar. E ne i kemi k\u00ebtu t\u00eb improvizuar k\u00ebt\u00eb ditarin ton\u00eb, q\u00eb i p\u00ebrdorim n\u00eb raste kur neve na mungon ditari, sikurse tani n\u00eb k\u00ebt\u00eb jav\u00eb. E po shpresojm\u00eb q\u00eb nga java e ardhshme t\u00eb na vijn\u00eb ditar\u00ebt edhe t\u00eb fillojm\u00eb mbar\u00eb edhe me k\u00ebt\u00eb pjes\u00eb\u201d, u shpreh Braha.<\/p>\n<p>Nd\u00ebrsa ata nuk kan\u00eb marr\u00eb ndonj\u00eb sqarim zyrtar p\u00ebr arsyen e vones\u00ebs.<\/p>\n<p>\u201cJo, nuk kemi asnj\u00eb sqarim, zyrtarisht nuk kemi asnj\u00eb sqarim\u201d, tha Braha.<\/p>\n<p>Munges\u00ebn e ditar\u00ebve n\u00eb shkollat e Prishtin\u00ebs e ka konfirmuar edhe drejtori i Arsimit n\u00eb Komun\u00ebn e Prishtin\u00ebs, Arianit Elshani, i cili tha se b\u00ebhet fjal\u00eb p\u00ebr nj\u00eb problem q\u00eb po ndikon n\u00eb funksionimin e rregullt t\u00eb procesit m\u00ebsimor.<\/p>\n<p>\u201cPo, ne jemi n\u00eb pritje, jemi n\u00eb pritje tash e disa jav\u00eb n\u00eb pritje t\u00eb ditar\u00ebve p\u00ebr t\u2019iu vendosur ato n\u00eb bankat shkollore nga m\u00ebsimdh\u00ebn\u00ebsit. Sigurisht \u00ebsht\u00eb nj\u00eb prej \u00e7\u00ebshtjeve shqet\u00ebsuese sot sepse kemi nx\u00ebn\u00ebs q\u00eb nuk kan\u00eb libra p\u00ebr shkak t\u00eb vonesave n\u00eb subvencionim, por edhe p\u00ebr shkak t\u00eb rregullimit t\u00eb atij \u00e7mimi q\u00eb ka qen\u00eb nga ministria, e n\u00eb an\u00ebn tjet\u00ebr edhe n\u00eb dor\u00ebzimin t\u00eb ditar\u00ebve, shp\u00ebrndarjen e tyre n\u00eb n\u00eb shkolla. Pra \u00ebsht\u00eb e qart\u00eb q\u00eb nuk mund t\u00eb mbahet evidenca n\u00eb n\u00eb shkollat tona, n\u00eb klasat tona, n\u00eb klasat e Prishtin\u00ebs e \u00e7\u00ebshtje q\u00eb cil\u00ebson sigurisht q\u00eb ndikon n\u00eb cil\u00ebsin\u00eb n\u00eb fund edhe n\u00eb llogaridh\u00ebnien reciproke mes nx\u00ebn\u00ebsve edhe m\u00ebsimdh\u00ebn\u00ebsve\u201d, deklaroi Elshani.<\/p>\n<p>Ai ka b\u00ebr\u00eb t\u00eb ditur se sipas informacioneve jo zyrtare q\u00eb kan\u00eb, ditar\u00ebt pritet t\u00eb arrijn\u00eb gjat\u00eb jav\u00ebs s\u00eb ardhshme.<\/p>\n<p>\u201cInformacionet thon\u00eb q\u00eb diku gjat\u00eb jav\u00ebs tjet\u00ebr, tash \u00ebsht\u00eb fillimi i jav\u00ebs a \u00ebsht\u00eb fundi i jav\u00ebs, \u00ebsht\u00eb \u00e7\u00ebshtje q\u00eb jemi n\u00eb pritje tash e disa dit\u00eb t\u00eb ditar\u00ebve. Ne i kemi b\u00ebr\u00eb t\u00eb gjitha p\u00ebrgatitjet p\u00ebr t\u2019i p\u00ebr t\u2019u pajisur me to, prandaj vet\u00ebm jemi n\u00eb pritje\u201d, deklaroi drejtori i Arsimit n\u00eb Prishtin\u00eb.<\/p>\n<p>P\u00ebr munges\u00ebn e ditar\u00ebve ka reaguar edhe Rrjeti i OJQ-ve AVONET, i cili e ka cil\u00ebsuar situat\u00ebn si \u201cd\u00ebshtim t\u00eb pap\u00ebrgjegjsh\u00ebm institucional\u201d.<\/p>\n<p>Sipas AVONET-it, ditari shkollor \u00ebsht\u00eb nj\u00eb nga mjetet themelore p\u00ebr evidentimin, dokumentimin dhe administrimin e procesit m\u00ebsimor, nd\u00ebrsa mungesa e tij ngre pik\u00ebpyetje p\u00ebr planifikimin dhe menaxhimin institucional t\u00eb fillimit t\u00eb vitit shkollor.<\/p>\n<p>AVONET ka vler\u00ebsuar se kjo \u00e7\u00ebshtje nuk duhet t\u00eb trajtohet si nj\u00eb vones\u00eb e zakonshme administrative, duke theksuar se kat\u00ebr dit\u00eb pa nj\u00eb mjet baz\u00eb t\u00eb pun\u00ebs jan\u00eb tregues i problemeve n\u00eb planifikim dhe koordinim institucional.<\/p>\n<p>E derisa Ministria e Arismit nuk ka dh\u00ebn\u00eb asnj\u00eb arsyetim, operatori i p\u00ebrzgjedhur nga kjo ministri ka th\u00ebn\u00eb se procesi i p\u00ebrgatitjes s\u00eb dokumentacionit shkollor, p\u00ebrfshir\u00eb librin e klas\u00ebs dhe ditar\u00ebt, \u00ebsht\u00eb aktualisht n\u00eb faz\u00ebn p\u00ebrfundimtare, nd\u00ebrsa furnizimi pritet t\u00eb nis\u00eb gjat\u00eb fundjav\u00ebs.<\/p>\n<p>\u201cGjat\u00eb k\u00ebsaj fundjave pritet t\u00eb filloj\u00eb furnizimi i librarive lokale t\u00eb autorizuara, t\u00eb cilat m\u00eb pas, n\u00eb fillim t\u00eb jav\u00ebs s\u00eb ardhshme, do t\u00eb b\u00ebjn\u00eb furnizimin e shkollave n\u00eb komunat p\u00ebrkat\u00ebse. Vonesa ka t\u00eb b\u00ebj\u00eb me koh\u00ebn e p\u00ebrfundimit t\u00eb procedurave dhe me procesin e hartimit, p\u00ebrgatitjes dhe prodhimit t\u00eb dokumentacionit. Nj\u00ebkoh\u00ebsisht, jemi ende n\u00eb pritje t\u00eb k\u00ebrkesave nga disa Drejtori Komunale t\u00eb Arsimit, t\u00eb cilat nuk i kan\u00eb p\u00ebrcjell\u00eb ende sasit\u00eb e sakta t\u00eb nevojshme p\u00ebr furnizim. Pranimi i k\u00ebtyre t\u00eb dh\u00ebnave \u00ebsht\u00eb i domosdosh\u00ebm p\u00ebr planifikimin dhe realizimin e furnizimit sipas komunave\u201d, thuhet n\u00eb p\u00ebrgjigjen e operatorit ekonomik d\u00ebrguar mediave.<\/p>\n","protected":false},"excerpt":{"rendered":"<p>Nj\u00eb jav\u00eb pas nisjes s\u00eb vitit t\u00eb ri shkollor 2026\/2027, n\u00eb shkollat e Kosov\u00ebs, ende nuk kan\u00eb arritur ditar\u00ebt e klasave, nd\u00ebrsa m\u00ebsimdh\u00ebn\u00ebsit po detyrohen t\u00eb mbajn\u00eb evidenc\u00ebn e or\u00ebve dhe mungesave t\u00eb nx\u00ebn\u00ebsve n\u00eb flet\u00eb t\u00eb printuara. N\u00eb Shkoll\u00ebn Fillore dhe t\u00eb Mesme t\u00eb Ul\u00ebt \u201cPavar\u00ebsia\u201d n\u00eb Prishtin\u00eb, drejtoria ka p\u00ebrgatitur nj\u00eb format t\u00eb [&hellip;]<\/p>\n","protected":false},"author":1,"featured_media":243150,"comment_status":"closed","ping_status":"closed","sticky":false,"template":"","format":"standard","meta":{"footnotes":""},"categories":[5],"tags":[],"tmauthors":[136],"class_list":["post-243149","post","type-post","status-publish","format-standard","has-post-thumbnail","category-lajme"],"_links":{"self":[{"href":"https:\/\/radiostargjilan.com\/web\/wp-json\/wp\/v2\/posts\/243149","targetHints":{"allow":["GET"]}}],"collection":[{"href":"https:\/\/radiostargjilan.com\/web\/wp-json\/wp\/v2\/posts"}],"about":[{"href":"https:\/\/radiostargjilan.com\/web\/wp-json\/wp\/v2\/types\/post"}],"author":[{"embeddable":true,"href":"https:\/\/radiostargjilan.com\/web\/wp-json\/wp\/v2\/users\/1"}],"replies":[{"embeddable":true,"href":"https:\/\/radiostargjilan.com\/web\/wp-json\/wp\/v2\/comments?post=243149"}],"version-history":[{"count":1,"href":"https:\/\/radiostargjilan.com\/web\/wp-json\/wp\/v2\/posts\/243149\/revisions"}],"predecessor-version":[{"id":243151,"href":"https:\/\/radiostargjilan.com\/web\/wp-json\/wp\/v2\/posts\/243149\/revisions\/243151"}],"wp:featuredmedia":[{"embeddable":true,"href":"https:\/\/radiostargjilan.com\/web\/wp-json\/wp\/v2\/media\/243150"}],"wp:attachment":[{"href":"https:\/\/radiostargjilan.com\/web\/wp-json\/wp\/v2\/media?parent=243149"}],"wp:term":[{"taxonomy":"category","embeddable":true,"href":"https:\/\/radiostargjilan.com\/web\/wp-json\/wp\/v2\/categories?post=243149"},{"taxonomy":"post_tag","embeddable":true,"href":"https:\/\/radiostargjilan.com\/web\/wp-json\/wp\/v2\/tags?post=243149"},{"taxonomy":"tmauthors","embeddable":true,"href":"https:\/\/radiostargjilan.com\/web\/wp-json\/wp\/v2\/tmauthors?post=243149"}],"curies":[{"name":"wp","href":"https:\/\/api.w.org\/{rel}","templated":true}]}}