{"id":243154,"date":"2026-09-05T16:06:25","date_gmt":"2026-09-05T14:06:25","guid":{"rendered":"https:\/\/radiostargjilan.com\/web\/?p=243154"},"modified":"2026-09-05T16:06:25","modified_gmt":"2026-09-05T14:06:25","slug":"sbashk-i-bashkohet-marshit-per-liri-te-12-shtatorit","status":"publish","type":"post","link":"https:\/\/radiostargjilan.com\/web\/sbashk-i-bashkohet-marshit-per-liri-te-12-shtatorit\/","title":{"rendered":"SBASHK i bashkohet Marshit p\u00ebr Liri t\u00eb 12 shtatorit"},"content":{"rendered":"<p>P\u00ebrfaq\u00ebsuesit e platform\u00ebs qytetare \u201cLiria Ka Em\u00ebr\u201d, Eliza Hoxha dhe Ismail Tasholli, jan\u00eb takuar me kryetarin e SBASHK-ut, Rrahman Jashari, me t\u00eb cilin kan\u00eb diskutuar p\u00ebr Marshin p\u00ebr Liri, q\u00eb pritet t\u00eb mbahet m\u00eb 12 shtator n\u00eb Prishtin\u00eb.<\/p>\n<p>Gjat\u00eb takimit \u00ebsht\u00eb konfirmuar mb\u00ebshtetja e Sindikat\u00ebs s\u00eb Bashkuar t\u00eb Arsimit, Shkenc\u00ebs dhe Kultur\u00ebs p\u00ebr k\u00ebt\u00eb organizim.<\/p>\n<p>Sipas platform\u00ebs \u201cLiria Ka Em\u00ebr\u201d, p\u00ebrkrahja e komunitetit arsimor e fuqizon mesazhin e marshit p\u00ebr liri, drejt\u00ebsi dhe dinjitet, si dhe p\u00ebr mb\u00ebshtetjen ndaj ish-krer\u00ebve t\u00eb U\u00c7K-s\u00eb Hashim Tha\u00e7i, Kadri Veseli, Jakup Krasniqi dhe Rexhep Selimi.<\/p>\n<p>Marshi p\u00ebr Liri do t\u00eb mbahet m\u00eb 12 shtator n\u00eb Prishtin\u00eb.<\/p>\n","protected":false},"excerpt":{"rendered":"<p>P\u00ebrfaq\u00ebsuesit e platform\u00ebs qytetare \u201cLiria Ka Em\u00ebr\u201d, Eliza Hoxha dhe Ismail Tasholli, jan\u00eb takuar me kryetarin e SBASHK-ut, Rrahman Jashari, me t\u00eb cilin kan\u00eb diskutuar p\u00ebr Marshin p\u00ebr Liri, q\u00eb pritet t\u00eb mbahet m\u00eb 12 shtator n\u00eb Prishtin\u00eb. Gjat\u00eb takimit \u00ebsht\u00eb konfirmuar mb\u00ebshtetja e Sindikat\u00ebs s\u00eb Bashkuar t\u00eb Arsimit, Shkenc\u00ebs dhe Kultur\u00ebs p\u00ebr k\u00ebt\u00eb organizim. [&hellip;]<\/p>\n","protected":false},"author":1,"featured_media":243155,"comment_status":"closed","ping_status":"closed","sticky":false,"template":"","format":"standard","meta":{"footnotes":""},"categories":[5],"tags":[],"tmauthors":[136],"class_list":["post-243154","post","type-post","status-publish","format-standard","has-post-thumbnail","category-lajme"],"_links":{"self":[{"href":"https:\/\/radiostargjilan.com\/web\/wp-json\/wp\/v2\/posts\/243154","targetHints":{"allow":["GET"]}}],"collection":[{"href":"https:\/\/radiostargjilan.com\/web\/wp-json\/wp\/v2\/posts"}],"about":[{"href":"https:\/\/radiostargjilan.com\/web\/wp-json\/wp\/v2\/types\/post"}],"author":[{"embeddable":true,"href":"https:\/\/radiostargjilan.com\/web\/wp-json\/wp\/v2\/users\/1"}],"replies":[{"embeddable":true,"href":"https:\/\/radiostargjilan.com\/web\/wp-json\/wp\/v2\/comments?post=243154"}],"version-history":[{"count":1,"href":"https:\/\/radiostargjilan.com\/web\/wp-json\/wp\/v2\/posts\/243154\/revisions"}],"predecessor-version":[{"id":243156,"href":"https:\/\/radiostargjilan.com\/web\/wp-json\/wp\/v2\/posts\/243154\/revisions\/243156"}],"wp:featuredmedia":[{"embeddable":true,"href":"https:\/\/radiostargjilan.com\/web\/wp-json\/wp\/v2\/media\/243155"}],"wp:attachment":[{"href":"https:\/\/radiostargjilan.com\/web\/wp-json\/wp\/v2\/media?parent=243154"}],"wp:term":[{"taxonomy":"category","embeddable":true,"href":"https:\/\/radiostargjilan.com\/web\/wp-json\/wp\/v2\/categories?post=243154"},{"taxonomy":"post_tag","embeddable":true,"href":"https:\/\/radiostargjilan.com\/web\/wp-json\/wp\/v2\/tags?post=243154"},{"taxonomy":"tmauthors","embeddable":true,"href":"https:\/\/radiostargjilan.com\/web\/wp-json\/wp\/v2\/tmauthors?post=243154"}],"curies":[{"name":"wp","href":"https:\/\/api.w.org\/{rel}","templated":true}]}}