{"id":243157,"date":"2026-09-05T17:19:19","date_gmt":"2026-09-05T15:19:19","guid":{"rendered":"https:\/\/radiostargjilan.com\/web\/?p=243157"},"modified":"2026-09-05T17:19:19","modified_gmt":"2026-09-05T15:19:19","slug":"si-ndikojne-te-qytetaret-mosmarreveshjet-mes-komunave-dhe-qeverise","status":"publish","type":"post","link":"https:\/\/radiostargjilan.com\/web\/si-ndikojne-te-qytetaret-mosmarreveshjet-mes-komunave-dhe-qeverise\/","title":{"rendered":"Si ndikojn\u00eb te qytetar\u00ebt mosmarr\u00ebveshjet mes komunave dhe Qeveris\u00eb"},"content":{"rendered":"<p>P\u00ebrplasja mes pushtetit qendror dhe atij lokal n\u00eb Kosov\u00eb u thellua deri n\u00eb protestimin para Qeveris\u00eb nga disa udh\u00ebheq\u00ebs lokal\u00eb, t\u00eb cil\u00ebt akuzojn\u00eb ekzekutivin p\u00ebr cenim t\u00eb kompetencave dhe probleme me financimin.<\/p>\n<p>Kryetar\u00eb t\u00eb disa komunave t\u00eb Kosov\u00ebs, ku udh\u00ebheqin Partia Demokratike e Kosov\u00ebs (PDK), Lidhja Demokratike e Kosov\u00ebs (LDK) dhe Aleanca, pretendojn\u00eb se po vonohen e po bllokohen fondet p\u00ebr projekte komunale, dhe se komunat po p\u00ebrballen me barr\u00eb t\u00eb madhe financiare nga obligimet e kontratave kolektive.<\/p>\n<p>Bekim Salihu, analist politikash n\u00eb Institutin GAP, n\u00eb Prishtin\u00eb, thot\u00eb se komunat e Kosov\u00ebs p\u00ebrballen me probleme reale, t\u00eb cilat rrezikojn\u00eb nj\u00eb falimentim funksional t\u00eb tyre.<\/p>\n<p>Ai vler\u00ebson se pjesa m\u00eb e madhe e problemeve financiare t\u00eb komunave nuk kan\u00eb nisur gjat\u00eb qeverisjes s\u00eb Kosov\u00ebs nga Albin Kurti, por jan\u00eb trash\u00ebguar nga qeverit\u00eb e m\u00ebparshme t\u00eb vendit.<\/p>\n<p>\u201cN\u00ebnt\u00ebdhjet\u00eb e pes\u00eb p\u00ebr qind e problemeve me t\u00eb cilat p\u00ebrballen komunat aktualisht jan\u00eb probleme q\u00eb jan\u00eb shkaktuar nga qeverit\u00eb, jodomosdoshm\u00ebrisht nga kjo qeveri\u201d, thot\u00eb Salihu.<\/p>\n<p>Megjithat\u00eb, sipas tij, Qeveria Kurti mban p\u00ebrgjegj\u00ebsi p\u00ebr faktin se nuk i ka adresuar k\u00ebto probleme.<\/p>\n<p>\u201cQeveria Kurti b\u00ebhet p\u00ebrgjegj\u00ebse p\u00ebr shkak t\u00eb nj\u00eb lloj mosinteresimi, neglizhimi, injorimi t\u00eb nevojave dhe shqet\u00ebsimeve q\u00eb i kan\u00eb komunat\u201d, shprehet ai.<\/p>\n<p>Mbi 300 milion\u00eb euro obligime nga kontratat kolektive<\/p>\n<p>Nj\u00eb nga problemet kryesore q\u00eb r\u00ebndon mbi komunat, sipas Salihut, jan\u00eb obligimet q\u00eb rrjedhin nga kontratat kolektive n\u00eb arsim dhe sh\u00ebndet\u00ebsi.<\/p>\n<p>Kontratat kolektive jan\u00eb marr\u00ebveshje midis pun\u00ebdh\u00ebn\u00ebsit dhe sindikatave t\u00eb pun\u00ebtor\u00ebve, ku p\u00ebrcaktohen kushte dhe t\u00eb drejta t\u00eb pun\u00ebs, t\u00eb cilat zakonisht p\u00ebrfshijn\u00eb pagesa p\u00ebr udh\u00ebtime, shujta, trajnime profesionale, paga jubilare p\u00ebr pun\u00ebtor\u00ebt dhe p\u00ebrfitime t\u00eb tjera.<\/p>\n<p>Salihu thot\u00eb n\u00eb 5 pyetje se k\u00ebto kontrata jan\u00eb lidhur nga niveli qendror, nd\u00ebrsa obligimet financiare kan\u00eb p\u00ebrfunduar te komunat, t\u00eb cilat menaxhojn\u00eb me arsimin parauniversitar dhe kujdesin par\u00ebsor sh\u00ebndet\u00ebsor.<\/p>\n<p>\u201cMbi 300 milion\u00eb euro kan\u00eb paguar obligime, jo vet\u00ebm nga kontratat kolektive. Edhe nga vendimet dhe ligjet e tjera q\u00eb i ka nxjerr\u00eb niveli qendror\u201d, tregon ai.<\/p>\n<p>Edhe pse komunat e udh\u00ebhequra nga L\u00ebvizja Vet\u00ebvendosje e kryeministrit n\u00eb detyr\u00eb Kurti nuk e mb\u00ebshtet\u00ebn protest\u00ebn e fundit, Salihu thot\u00eb se problemet financiare dhe funksionale jan\u00eb t\u00eb nj\u00ebjta n\u00eb t\u00eb gjitha komunat.<\/p>\n<p>\u201cNuk \u00ebsht\u00eb q\u00eb me k\u00ebto probleme po p\u00ebrballen vet\u00ebm komunat q\u00eb udh\u00ebhiqen nga LDK-ja, ose vet\u00ebm komunat q\u00eb udh\u00ebhiqen nga PDK-ja, por po p\u00ebrballen t\u00eb gjitha\u201d, thekson ai.<\/p>\n<p>Rrezikimi i investimeve kapitale<\/p>\n<p>P\u00ebrplasja financiare mund t\u00eb ket\u00eb pasoja t\u00eb drejtp\u00ebrdrejta edhe p\u00ebr qytetar\u00ebt, pasi mjetet q\u00eb t\u00ebrhiqen p\u00ebr shlyerjen e obligimeve gjyq\u00ebsore mund t\u00eb merren nga projektet komunale.<\/p>\n<p>Salihu jep shembullin e buxhetit vjetor t\u00eb nj\u00eb komune, ku nuk p\u00ebrfshihen obligimet financiare nga kontratat kolektive, dhe m\u00eb von\u00eb parat\u00eb p\u00ebr k\u00ebt\u00eb merren nga kategori tjera t\u00eb buxhetit.<\/p>\n<p>\u201cT\u00eb gjitha parat\u00eb q\u00eb jan\u00eb marr\u00eb nga gjykata, p\u00ebrmbaruesi, p\u00ebr t\u00eb shlyer obligime financiare q\u00eb rrjedhin nga kontratat kolektive, jan\u00eb marr\u00eb nga projektet komunale\u201d, thot\u00eb ai.<\/p>\n<p>Madje, sipas tij, ka raste kur Thesari i shtetit nd\u00ebrhyn p\u00ebr t\u00eb marr\u00eb k\u00ebto mjete nga projekte kapitale q\u00eb jan\u00eb n\u00eb proces e sip\u00ebr.<\/p>\n<p>Ai shton se komunat mund t\u00eb vazhdojn\u00eb t\u00eb ofrojn\u00eb sh\u00ebrbime esenciale, por mund ta ken\u00eb gjithnj\u00eb e m\u00eb t\u00eb v\u00ebshtir\u00eb realizimin e projekteve kapitale.<\/p>\n<p>Sipas Salihut, zgjidhja e problemit mes komunave dhe ekzekutivit nuk \u00ebsht\u00eb e pamundur, por k\u00ebrkon vullnet politik.<\/p>\n<p>\u201cKa mosbesim, ka munges\u00eb, ka moskomunikim\u201d, thot\u00eb ai n\u00eb 5 pyetje, duke shtuar se n\u00eb disa raste Qeveria, sipas tij, ka tentuar \u201ct\u2019i ngacmoj\u00eb\u201d komunat p\u00ebrmes ndryshimeve ligjore q\u00eb prekin t\u00eb hyrat vetjake dhe pron\u00ebn komunale.\/Radio Evropa e Lire<\/p>\n","protected":false},"excerpt":{"rendered":"<p>P\u00ebrplasja mes pushtetit qendror dhe atij lokal n\u00eb Kosov\u00eb u thellua deri n\u00eb protestimin para Qeveris\u00eb nga disa udh\u00ebheq\u00ebs lokal\u00eb, t\u00eb cil\u00ebt akuzojn\u00eb ekzekutivin p\u00ebr cenim t\u00eb kompetencave dhe probleme me financimin. Kryetar\u00eb t\u00eb disa komunave t\u00eb Kosov\u00ebs, ku udh\u00ebheqin Partia Demokratike e Kosov\u00ebs (PDK), Lidhja Demokratike e Kosov\u00ebs (LDK) dhe Aleanca, pretendojn\u00eb se po [&hellip;]<\/p>\n","protected":false},"author":1,"featured_media":243158,"comment_status":"closed","ping_status":"closed","sticky":false,"template":"","format":"standard","meta":{"footnotes":""},"categories":[5],"tags":[],"tmauthors":[136],"class_list":["post-243157","post","type-post","status-publish","format-standard","has-post-thumbnail","category-lajme"],"_links":{"self":[{"href":"https:\/\/radiostargjilan.com\/web\/wp-json\/wp\/v2\/posts\/243157","targetHints":{"allow":["GET"]}}],"collection":[{"href":"https:\/\/radiostargjilan.com\/web\/wp-json\/wp\/v2\/posts"}],"about":[{"href":"https:\/\/radiostargjilan.com\/web\/wp-json\/wp\/v2\/types\/post"}],"author":[{"embeddable":true,"href":"https:\/\/radiostargjilan.com\/web\/wp-json\/wp\/v2\/users\/1"}],"replies":[{"embeddable":true,"href":"https:\/\/radiostargjilan.com\/web\/wp-json\/wp\/v2\/comments?post=243157"}],"version-history":[{"count":1,"href":"https:\/\/radiostargjilan.com\/web\/wp-json\/wp\/v2\/posts\/243157\/revisions"}],"predecessor-version":[{"id":243159,"href":"https:\/\/radiostargjilan.com\/web\/wp-json\/wp\/v2\/posts\/243157\/revisions\/243159"}],"wp:featuredmedia":[{"embeddable":true,"href":"https:\/\/radiostargjilan.com\/web\/wp-json\/wp\/v2\/media\/243158"}],"wp:attachment":[{"href":"https:\/\/radiostargjilan.com\/web\/wp-json\/wp\/v2\/media?parent=243157"}],"wp:term":[{"taxonomy":"category","embeddable":true,"href":"https:\/\/radiostargjilan.com\/web\/wp-json\/wp\/v2\/categories?post=243157"},{"taxonomy":"post_tag","embeddable":true,"href":"https:\/\/radiostargjilan.com\/web\/wp-json\/wp\/v2\/tags?post=243157"},{"taxonomy":"tmauthors","embeddable":true,"href":"https:\/\/radiostargjilan.com\/web\/wp-json\/wp\/v2\/tmauthors?post=243157"}],"curies":[{"name":"wp","href":"https:\/\/api.w.org\/{rel}","templated":true}]}}