{"id":243160,"date":"2026-09-05T17:47:47","date_gmt":"2026-09-05T15:47:47","guid":{"rendered":"https:\/\/radiostargjilan.com\/web\/?p=243160"},"modified":"2026-09-05T17:47:47","modified_gmt":"2026-09-05T15:47:47","slug":"ora-e-pritjes-nis-numerimin-mbrapa-edhe-ne-gjilan","status":"publish","type":"post","link":"https:\/\/radiostargjilan.com\/web\/ora-e-pritjes-nis-numerimin-mbrapa-edhe-ne-gjilan\/","title":{"rendered":"\u201cOra e Pritjes\u201d nis num\u00ebrimin mbrapa edhe n\u00eb Gjilan"},"content":{"rendered":"<p>N\u00eb Gjilan ka nisur t\u00eb shtun\u00ebn \u201cOra e Pritjes\u201d, aktivitet i platform\u00ebs qytetare \u201cLiria Ka Em\u00ebr\u201d, p\u00ebrmes s\u00eb cil\u00ebs po b\u00ebhet num\u00ebrimi mbrapa drejt 16 shtatorit, n\u00eb mb\u00ebshtetje t\u00eb ish-krer\u00ebve t\u00eb U\u00c7K-s\u00eb q\u00eb po gjykohen n\u00eb Hag\u00eb.<\/p>\n<p>N\u00eb aktivitet mori pjes\u00eb Eliza Hoxha nga platforma \u201cLiria Ka Em\u00ebr\u201d, s\u00eb bashku me p\u00ebrfaq\u00ebsues politik\u00eb, aktivist\u00eb dhe qytetar\u00eb.<\/p>\n<p class=\" aBigClassNameToAvoidCollision2\">Me rastin e nisjes s\u00eb num\u00ebrimit, n\u00eb Gjilan u vendos edhe nj\u00eb baner gjigant me mbishkrimin: \u201cN\u00eb em\u00ebr t\u00eb popullit, shpalleni T\u00cb PAFAJSH\u00cbM!\u201d<\/p>\n<p>P\u00ebrmes k\u00ebtij aktiviteti u p\u00ebrcoll mesazhi p\u00ebr drejt\u00ebsi, liri dhe kthimin n\u00eb Kosov\u00eb t\u00eb Hashim Tha\u00e7it, Kadri Veselit, Jakup Krasniqit dhe Rexhep Selimit.<\/p>\n<div id=\"videoad_wrapper\" class=\"videoad-transition\">\n<div id=\"videoad\" class=\"videoad-transition\">\n<div id=\"videoad_helper_container\"><\/div>\n<\/div>\n<\/div>\n<div>\n<div id=\"52949-2\"><\/div>\n<\/div>\n<p>Platforma \u201cLiria Ka Em\u00ebr\u201d ka paralajm\u00ebruar se aktivitetet do t\u00eb vazhdojn\u00eb me \u201cMarshin p\u00ebr Liri\u201d, i cili do t\u00eb mbahet m\u00eb 12 shtator, nga ora 14:00, n\u00eb sheshin \u201cSk\u00ebnderbeu\u201d n\u00eb Prishtin\u00eb.<\/p>\n<p>Organizator\u00ebt kan\u00eb ftuar qytetar\u00ebt q\u00eb t\u2019i bashkohen marshit n\u00eb mb\u00ebshtetje t\u00eb ish-krer\u00ebve t\u00eb U\u00c7K-s\u00eb.<\/p>\n<p><iframe loading=\"lazy\" src=\"https:\/\/www.facebook.com\/plugins\/post.php?href=https%3A%2F%2Fwww.facebook.com%2Fphoto.php%3Ffbid%3D1732068818923980%26set%3Da.456692016461673%26type%3D3&amp;show_text=true&amp;width=500\" width=\"500\" height=\"710\" frameborder=\"0\" scrolling=\"no\" allowfullscreen=\"allowfullscreen\" data-mce-fragment=\"1\"><\/iframe><\/p>\n","protected":false},"excerpt":{"rendered":"<p>N\u00eb Gjilan ka nisur t\u00eb shtun\u00ebn \u201cOra e Pritjes\u201d, aktivitet i platform\u00ebs qytetare \u201cLiria Ka Em\u00ebr\u201d, p\u00ebrmes s\u00eb cil\u00ebs po b\u00ebhet num\u00ebrimi mbrapa drejt 16 shtatorit, n\u00eb mb\u00ebshtetje t\u00eb ish-krer\u00ebve t\u00eb U\u00c7K-s\u00eb q\u00eb po gjykohen n\u00eb Hag\u00eb. N\u00eb aktivitet mori pjes\u00eb Eliza Hoxha nga platforma \u201cLiria Ka Em\u00ebr\u201d, s\u00eb bashku me p\u00ebrfaq\u00ebsues politik\u00eb, aktivist\u00eb dhe [&hellip;]<\/p>\n","protected":false},"author":1,"featured_media":243161,"comment_status":"closed","ping_status":"closed","sticky":false,"template":"","format":"standard","meta":{"footnotes":""},"categories":[5],"tags":[],"tmauthors":[136],"class_list":["post-243160","post","type-post","status-publish","format-standard","has-post-thumbnail","category-lajme"],"_links":{"self":[{"href":"https:\/\/radiostargjilan.com\/web\/wp-json\/wp\/v2\/posts\/243160","targetHints":{"allow":["GET"]}}],"collection":[{"href":"https:\/\/radiostargjilan.com\/web\/wp-json\/wp\/v2\/posts"}],"about":[{"href":"https:\/\/radiostargjilan.com\/web\/wp-json\/wp\/v2\/types\/post"}],"author":[{"embeddable":true,"href":"https:\/\/radiostargjilan.com\/web\/wp-json\/wp\/v2\/users\/1"}],"replies":[{"embeddable":true,"href":"https:\/\/radiostargjilan.com\/web\/wp-json\/wp\/v2\/comments?post=243160"}],"version-history":[{"count":1,"href":"https:\/\/radiostargjilan.com\/web\/wp-json\/wp\/v2\/posts\/243160\/revisions"}],"predecessor-version":[{"id":243162,"href":"https:\/\/radiostargjilan.com\/web\/wp-json\/wp\/v2\/posts\/243160\/revisions\/243162"}],"wp:featuredmedia":[{"embeddable":true,"href":"https:\/\/radiostargjilan.com\/web\/wp-json\/wp\/v2\/media\/243161"}],"wp:attachment":[{"href":"https:\/\/radiostargjilan.com\/web\/wp-json\/wp\/v2\/media?parent=243160"}],"wp:term":[{"taxonomy":"category","embeddable":true,"href":"https:\/\/radiostargjilan.com\/web\/wp-json\/wp\/v2\/categories?post=243160"},{"taxonomy":"post_tag","embeddable":true,"href":"https:\/\/radiostargjilan.com\/web\/wp-json\/wp\/v2\/tags?post=243160"},{"taxonomy":"tmauthors","embeddable":true,"href":"https:\/\/radiostargjilan.com\/web\/wp-json\/wp\/v2\/tmauthors?post=243160"}],"curies":[{"name":"wp","href":"https:\/\/api.w.org\/{rel}","templated":true}]}}