{"id":243167,"date":"2026-09-05T19:13:22","date_gmt":"2026-09-05T17:13:22","guid":{"rendered":"https:\/\/radiostargjilan.com\/web\/?p=243167"},"modified":"2026-09-05T19:13:22","modified_gmt":"2026-09-05T17:13:22","slug":"neser-nuk-do-te-kete-kufizim-te-qarkullimit-per-kamionet-mbi-20-tone","status":"publish","type":"post","link":"https:\/\/radiostargjilan.com\/web\/neser-nuk-do-te-kete-kufizim-te-qarkullimit-per-kamionet-mbi-20-tone\/","title":{"rendered":"Nes\u00ebr nuk do t\u00eb ket\u00eb kufizim t\u00eb qarkullimit p\u00ebr kamion\u00ebt mbi 20 ton\u00eb"},"content":{"rendered":"<p>Ministria e Infrastruktur\u00ebs dhe Transportit, ka njoftuar se nes\u00ebr nuk do t\u00eb ket\u00eb kufizim t\u00eb qarkullimit p\u00ebr kamion\u00ebt me pesh\u00eb mbi 20 ton\u00eb.<\/p>\n<p>N\u00eb njoftimin e ministris\u00eb, shtohet se ky vendim \u00ebsht\u00eb marr\u00eb bazuar n\u00eb parashikimin zyrtar t\u00eb temperaturave.<\/p>\n<p>Njoftimi:<\/p>\n<p>P\u00ebr dit\u00ebn e nes\u00ebrme, nuk do t\u00eb ket\u00eb kufizim t\u00eb qarkullimit p\u00ebr automjetet e transportit t\u00eb mallrave me mas\u00eb totale mbi 20 ton\u00eb.<\/p>\n<p>Bazuar n\u00eb parashikimin zyrtar t\u00eb temperaturave, p\u00ebr nes\u00ebr nuk pritet t\u00eb plot\u00ebsohen kushtet e p\u00ebrcaktuara n\u00eb vendimin e Ministris\u00eb s\u00eb Infrastruktur\u00ebs dhe Transportit p\u00ebr zbatimin e kufizimeve t\u00eb p\u00ebrkohshme t\u00eb qarkullimit.<\/p>\n<p>Ministria do t\u00eb vazhdoj\u00eb t\u00eb monitoroj\u00eb \u00e7do dit\u00eb parashikimet meteorologjike dhe do t\u00eb njoftoj\u00eb me koh\u00eb qytetar\u00ebt dhe operator\u00ebt ekonomik\u00eb p\u00ebr \u00e7do rast kur plot\u00ebsohen kushtet p\u00ebr zbatimin e k\u00ebtij vendimi.<\/p>\n","protected":false},"excerpt":{"rendered":"<p>Ministria e Infrastruktur\u00ebs dhe Transportit, ka njoftuar se nes\u00ebr nuk do t\u00eb ket\u00eb kufizim t\u00eb qarkullimit p\u00ebr kamion\u00ebt me pesh\u00eb mbi 20 ton\u00eb. N\u00eb njoftimin e ministris\u00eb, shtohet se ky vendim \u00ebsht\u00eb marr\u00eb bazuar n\u00eb parashikimin zyrtar t\u00eb temperaturave. Njoftimi: P\u00ebr dit\u00ebn e nes\u00ebrme, nuk do t\u00eb ket\u00eb kufizim t\u00eb qarkullimit p\u00ebr automjetet e transportit [&hellip;]<\/p>\n","protected":false},"author":1,"featured_media":243138,"comment_status":"closed","ping_status":"closed","sticky":false,"template":"","format":"standard","meta":{"footnotes":""},"categories":[5],"tags":[],"tmauthors":[136],"class_list":["post-243167","post","type-post","status-publish","format-standard","has-post-thumbnail","category-lajme"],"_links":{"self":[{"href":"https:\/\/radiostargjilan.com\/web\/wp-json\/wp\/v2\/posts\/243167","targetHints":{"allow":["GET"]}}],"collection":[{"href":"https:\/\/radiostargjilan.com\/web\/wp-json\/wp\/v2\/posts"}],"about":[{"href":"https:\/\/radiostargjilan.com\/web\/wp-json\/wp\/v2\/types\/post"}],"author":[{"embeddable":true,"href":"https:\/\/radiostargjilan.com\/web\/wp-json\/wp\/v2\/users\/1"}],"replies":[{"embeddable":true,"href":"https:\/\/radiostargjilan.com\/web\/wp-json\/wp\/v2\/comments?post=243167"}],"version-history":[{"count":1,"href":"https:\/\/radiostargjilan.com\/web\/wp-json\/wp\/v2\/posts\/243167\/revisions"}],"predecessor-version":[{"id":243168,"href":"https:\/\/radiostargjilan.com\/web\/wp-json\/wp\/v2\/posts\/243167\/revisions\/243168"}],"wp:featuredmedia":[{"embeddable":true,"href":"https:\/\/radiostargjilan.com\/web\/wp-json\/wp\/v2\/media\/243138"}],"wp:attachment":[{"href":"https:\/\/radiostargjilan.com\/web\/wp-json\/wp\/v2\/media?parent=243167"}],"wp:term":[{"taxonomy":"category","embeddable":true,"href":"https:\/\/radiostargjilan.com\/web\/wp-json\/wp\/v2\/categories?post=243167"},{"taxonomy":"post_tag","embeddable":true,"href":"https:\/\/radiostargjilan.com\/web\/wp-json\/wp\/v2\/tags?post=243167"},{"taxonomy":"tmauthors","embeddable":true,"href":"https:\/\/radiostargjilan.com\/web\/wp-json\/wp\/v2\/tmauthors?post=243167"}],"curies":[{"name":"wp","href":"https:\/\/api.w.org\/{rel}","templated":true}]}}