{"id":243169,"date":"2026-09-05T20:34:11","date_gmt":"2026-09-05T18:34:11","guid":{"rendered":"https:\/\/radiostargjilan.com\/web\/?p=243169"},"modified":"2026-09-05T20:34:11","modified_gmt":"2026-09-05T18:34:11","slug":"edi-rama-reagon-ndaj-serbise-smund-te-besh-funeral-shteteror-per-nje-kasap-si-mlladiq","status":"publish","type":"post","link":"https:\/\/radiostargjilan.com\/web\/edi-rama-reagon-ndaj-serbise-smund-te-besh-funeral-shteteror-per-nje-kasap-si-mlladiq\/","title":{"rendered":"Edi Rama reagon ndaj Serbis\u00eb: S\u2019mund t\u00eb b\u00ebsh funeral shtet\u00ebror p\u00ebr nj\u00eb \u201ckasap\u201d si Mlladiq"},"content":{"rendered":"<p>Kryeministri Edi Rama ndodhet sot n\u00eb Cernobbio t\u00eb Italis\u00eb, ku ka marr\u00eb pjes\u00eb n\u00eb forumin \u201cIntelligence on the World, Europe and Italy\u201d, n\u00eb panelin \u201cAgjenda p\u00ebr Europ\u00ebn\u201d.<\/p>\n<p>Rama iu referua rastit t\u00eb Ratko Mlladi\u00e7it, t\u00eb cilin e cil\u00ebsoi si \u201ckasapin e Ballkanit\u201d, duke komentuar vendimin p\u00ebr t\u2019u p\u00ebrcjell\u00eb me homazhe shtet\u00ebrore drejt banes\u00ebs s\u00eb fundit.<\/p>\n<p>Sipas Ram\u00ebs, raste t\u00eb tilla jan\u00eb pik\u00ebrisht arsyeja pse Serbia duhet t\u00eb jet\u00eb e p\u00ebrfshir\u00eb n\u00eb tryez\u00ebn europiane, ku vendeve kandidate mund t\u2019u k\u00ebrkohet llogari dhe t\u2019u p\u00ebrcillen qart\u00eb standardet q\u00eb duhet t\u00eb respektojn\u00eb.<\/p>\n<p>\u201cS\u2019mund t\u00eb b\u00ebsh funeral shtet\u00ebror p\u00ebr nj\u00eb kasap\u201d, tha Rama, duke argumentuar se izolimi i Serbis\u00eb nuk do t\u00eb ishte zgjidhja e duhur.<\/p>\n<p>Rama e p\u00ebrshkroi Serbin\u00eb me nj\u00eb tjet\u00ebr metafor\u00eb, duke e cil\u00ebsuar si nj\u00eb \u201clloj kafshe shum\u00eb interesante dhe t\u00eb \u00e7uditshme n\u00eb xhungl\u00ebn e Ballkanit Per\u00ebndimor\u201d.<\/p>\n<p>\u201cSerbia \u00ebsht\u00eb nj\u00eb lloj kafshe shum\u00eb interesante dhe e \u00e7uditshme n\u00eb xhungl\u00ebn e Ballkanit Per\u00ebndimor. \u00c7far\u00eb \u00ebsht\u00eb m\u00eb mir\u00eb? Ta kesh n\u00eb tryez\u00eb dhe t\u2019i thuash: \u2018S\u2019mund t\u00eb b\u00ebsh funeral shtet\u00ebror p\u00ebr nj\u00eb kasap\u2019, apo ta l\u00ebsh aty, n\u00eb uj\u00ebra t\u00eb pasigurta, dhe t\u00eb krijoj\u00eb nj\u00eb situat\u00eb skizofrenike mes Evrop\u00ebs, Kin\u00ebs, Amerik\u00ebs dhe Rusis\u00eb?\u201d, u shpreh Rama.<\/p>\n<p>N\u00eb k\u00ebt\u00eb kontekst, Rama e lidhi rastin e Serbis\u00eb me vizionin e tij p\u00ebr zgjerimin e BE-s\u00eb: vendet kandidate, sipas tij, duhet t\u00eb afrohen gradualisht me strukturat europiane dhe t\u00eb jen\u00eb n\u00eb tryez\u00eb, nd\u00ebrsa p\u00ebrmbushin kriteret dhe p\u00ebrballen me k\u00ebrkesat politike t\u00eb vendeve an\u00ebtare.<\/p>\n<p>\u201cKjo \u00ebsht\u00eb qasja ime dhe duhet t\u00eb ndodh\u00eb tani\u201d, p\u00ebrfundoi Rama.<\/p>\n","protected":false},"excerpt":{"rendered":"<p>Kryeministri Edi Rama ndodhet sot n\u00eb Cernobbio t\u00eb Italis\u00eb, ku ka marr\u00eb pjes\u00eb n\u00eb forumin \u201cIntelligence on the World, Europe and Italy\u201d, n\u00eb panelin \u201cAgjenda p\u00ebr Europ\u00ebn\u201d. Rama iu referua rastit t\u00eb Ratko Mlladi\u00e7it, t\u00eb cilin e cil\u00ebsoi si \u201ckasapin e Ballkanit\u201d, duke komentuar vendimin p\u00ebr t\u2019u p\u00ebrcjell\u00eb me homazhe shtet\u00ebrore drejt banes\u00ebs s\u00eb fundit. [&hellip;]<\/p>\n","protected":false},"author":1,"featured_media":243170,"comment_status":"closed","ping_status":"closed","sticky":false,"template":"","format":"standard","meta":{"footnotes":""},"categories":[5],"tags":[],"tmauthors":[136],"class_list":["post-243169","post","type-post","status-publish","format-standard","has-post-thumbnail","category-lajme"],"_links":{"self":[{"href":"https:\/\/radiostargjilan.com\/web\/wp-json\/wp\/v2\/posts\/243169","targetHints":{"allow":["GET"]}}],"collection":[{"href":"https:\/\/radiostargjilan.com\/web\/wp-json\/wp\/v2\/posts"}],"about":[{"href":"https:\/\/radiostargjilan.com\/web\/wp-json\/wp\/v2\/types\/post"}],"author":[{"embeddable":true,"href":"https:\/\/radiostargjilan.com\/web\/wp-json\/wp\/v2\/users\/1"}],"replies":[{"embeddable":true,"href":"https:\/\/radiostargjilan.com\/web\/wp-json\/wp\/v2\/comments?post=243169"}],"version-history":[{"count":1,"href":"https:\/\/radiostargjilan.com\/web\/wp-json\/wp\/v2\/posts\/243169\/revisions"}],"predecessor-version":[{"id":243171,"href":"https:\/\/radiostargjilan.com\/web\/wp-json\/wp\/v2\/posts\/243169\/revisions\/243171"}],"wp:featuredmedia":[{"embeddable":true,"href":"https:\/\/radiostargjilan.com\/web\/wp-json\/wp\/v2\/media\/243170"}],"wp:attachment":[{"href":"https:\/\/radiostargjilan.com\/web\/wp-json\/wp\/v2\/media?parent=243169"}],"wp:term":[{"taxonomy":"category","embeddable":true,"href":"https:\/\/radiostargjilan.com\/web\/wp-json\/wp\/v2\/categories?post=243169"},{"taxonomy":"post_tag","embeddable":true,"href":"https:\/\/radiostargjilan.com\/web\/wp-json\/wp\/v2\/tags?post=243169"},{"taxonomy":"tmauthors","embeddable":true,"href":"https:\/\/radiostargjilan.com\/web\/wp-json\/wp\/v2\/tmauthors?post=243169"}],"curies":[{"name":"wp","href":"https:\/\/api.w.org\/{rel}","templated":true}]}}