{"id":243176,"date":"2026-09-05T22:26:36","date_gmt":"2026-09-05T20:26:36","guid":{"rendered":"https:\/\/radiostargjilan.com\/web\/?p=243176"},"modified":"2026-09-05T22:26:36","modified_gmt":"2026-09-05T20:26:36","slug":"kurti-nene-tereza-u-shnderrua-ne-ure-jo-ne-mur","status":"publish","type":"post","link":"https:\/\/radiostargjilan.com\/web\/kurti-nene-tereza-u-shnderrua-ne-ure-jo-ne-mur\/","title":{"rendered":"Kurti: N\u00ebn\u00eb Tereza u shnd\u00ebrrua n\u00eb ur\u00eb, jo n\u00eb mur"},"content":{"rendered":"<p><strong>Kryeministri n\u00eb detyr\u00eb i Kosov\u00ebs, Albin Kurti, ka p\u00ebrkujtuar figur\u00ebn e N\u00ebn\u00eb Terez\u00ebs, n\u00eb 29-vjetorin e ndarjes s\u00eb saj nga jeta, duke vler\u00ebsuar kontributin dhe trash\u00ebgimin\u00eb e saj universale.<\/strong><\/p>\n<p>&nbsp;<\/p>\n<p>Kurti ka marr\u00eb pjes\u00eb n\u00eb promovimin e vepr\u00ebs \u201cUdha misionare e Gonxhe Bojaxhiut drejt N\u00ebn\u00eb Terez\u00ebs universale\u201d, e autor\u00ebve Sk\u00ebnder Asani dhe Albert Ramaj.<\/p>\n<p>Sipas tij, edhe tri dekada pas vdekjes s\u00eb saj, jeta dhe vepra e N\u00ebn\u00eb Terez\u00ebs vazhdojn\u00eb t\u00eb ofrojn\u00eb m\u00ebsime p\u00ebr njer\u00ebzoren, dashurin\u00eb, paqen dhe bamir\u00ebsin\u00eb.<\/p>\n<p>\u201cN\u00ebn\u00eb Tereza ishte nj\u00eb grua e madhe e dal\u00eb nga nj\u00eb komb relativisht i vog\u00ebl, q\u00eb ia kushtoi jet\u00ebn njer\u00ebzimit dhe u b\u00eb simbol universal i humanizmit, solidaritetit dhe dashuris\u00eb p\u00ebr tjetrin\u201d, ka th\u00ebn\u00eb Kurti.<\/p>\n<p>Ai ka theksuar se vepra e autor\u00ebve Asani dhe Ramaj sjell d\u00ebshmi, dokumente, letra dhe fotografi q\u00eb ndri\u00e7ojn\u00eb rrug\u00ebtimin e Gonxhe Bojaxhiut, nga familja e saj shqiptare n\u00eb Shkup, me prind\u00ebr nga Prizreni e Gjakova, deri te figura e N\u00ebn\u00eb Terez\u00ebs me p\u00ebrmasa universale.<\/p>\n<p>\u201cSi\u00e7 e kam theksuar edhe n\u00eb parath\u00ebnie: ajo u shnd\u00ebrrua n\u00eb ur\u00eb, jo n\u00eb mur\u201d, ka deklaruar Kurti.<\/p>\n<p>Kryeministri n\u00eb detyr\u00eb ka fal\u00ebnderuar autor\u00ebt p\u00ebr kontributin n\u00eb dokumentimin dhe pasurimin e kujtes\u00ebs p\u00ebr jet\u00ebn e N\u00ebn\u00eb Terez\u00ebs, t\u00eb cil\u00ebn e ka cil\u00ebsuar si nj\u00eb prej figurave m\u00eb t\u00eb ndritura q\u00eb i ka dhuruar shqiptaria bot\u00ebs.<img decoding=\"async\" src=\"https:\/\/www.rtklive.com\/sq\/gallery\/news_hidden_inside\/732993\/795704692_1630709525089435_49684.jpg\" alt=\"\" \/><img decoding=\"async\" src=\"https:\/\/www.rtklive.com\/sq\/gallery\/news_hidden_inside\/732993\/795485794_1630709521756102_32553.jpg\" alt=\"\" \/><\/p>\n","protected":false},"excerpt":{"rendered":"<p>Kryeministri n\u00eb detyr\u00eb i Kosov\u00ebs, Albin Kurti, ka p\u00ebrkujtuar figur\u00ebn e N\u00ebn\u00eb Terez\u00ebs, n\u00eb 29-vjetorin e ndarjes s\u00eb saj nga jeta, duke vler\u00ebsuar kontributin dhe trash\u00ebgimin\u00eb e saj universale. &nbsp; Kurti ka marr\u00eb pjes\u00eb n\u00eb promovimin e vepr\u00ebs \u201cUdha misionare e Gonxhe Bojaxhiut drejt N\u00ebn\u00eb Terez\u00ebs universale\u201d, e autor\u00ebve Sk\u00ebnder Asani dhe Albert Ramaj. Sipas [&hellip;]<\/p>\n","protected":false},"author":1,"featured_media":243177,"comment_status":"closed","ping_status":"closed","sticky":false,"template":"","format":"standard","meta":{"footnotes":""},"categories":[5],"tags":[],"tmauthors":[136],"class_list":["post-243176","post","type-post","status-publish","format-standard","has-post-thumbnail","category-lajme"],"_links":{"self":[{"href":"https:\/\/radiostargjilan.com\/web\/wp-json\/wp\/v2\/posts\/243176","targetHints":{"allow":["GET"]}}],"collection":[{"href":"https:\/\/radiostargjilan.com\/web\/wp-json\/wp\/v2\/posts"}],"about":[{"href":"https:\/\/radiostargjilan.com\/web\/wp-json\/wp\/v2\/types\/post"}],"author":[{"embeddable":true,"href":"https:\/\/radiostargjilan.com\/web\/wp-json\/wp\/v2\/users\/1"}],"replies":[{"embeddable":true,"href":"https:\/\/radiostargjilan.com\/web\/wp-json\/wp\/v2\/comments?post=243176"}],"version-history":[{"count":1,"href":"https:\/\/radiostargjilan.com\/web\/wp-json\/wp\/v2\/posts\/243176\/revisions"}],"predecessor-version":[{"id":243178,"href":"https:\/\/radiostargjilan.com\/web\/wp-json\/wp\/v2\/posts\/243176\/revisions\/243178"}],"wp:featuredmedia":[{"embeddable":true,"href":"https:\/\/radiostargjilan.com\/web\/wp-json\/wp\/v2\/media\/243177"}],"wp:attachment":[{"href":"https:\/\/radiostargjilan.com\/web\/wp-json\/wp\/v2\/media?parent=243176"}],"wp:term":[{"taxonomy":"category","embeddable":true,"href":"https:\/\/radiostargjilan.com\/web\/wp-json\/wp\/v2\/categories?post=243176"},{"taxonomy":"post_tag","embeddable":true,"href":"https:\/\/radiostargjilan.com\/web\/wp-json\/wp\/v2\/tags?post=243176"},{"taxonomy":"tmauthors","embeddable":true,"href":"https:\/\/radiostargjilan.com\/web\/wp-json\/wp\/v2\/tmauthors?post=243176"}],"curies":[{"name":"wp","href":"https:\/\/api.w.org\/{rel}","templated":true}]}}