{"id":243179,"date":"2026-09-06T10:25:49","date_gmt":"2026-09-06T08:25:49","guid":{"rendered":"https:\/\/radiostargjilan.com\/web\/?p=243179"},"modified":"2026-09-06T10:25:49","modified_gmt":"2026-09-06T08:25:49","slug":"moti-mbi-vendin-tone-420","status":"publish","type":"post","link":"https:\/\/radiostargjilan.com\/web\/moti-mbi-vendin-tone-420\/","title":{"rendered":"Moti mbi vendin ton\u00eb"},"content":{"rendered":"<p>T\u00eb diel\u00ebn parashikohet t\u00eb dep\u00ebrtojn\u00eb masa m\u00eb t\u00eb fresk\u00ebta por t\u00eb thata.<\/p>\n<p>Moti do t\u00eb karakterizohet kryesisht me diell.<\/p>\n<p>Era do t\u00eb fryj\u00eb nga verilindja, e cila her\u00eb pas here pritet t\u00eb jet\u00eb e fuqishme, me shpejt\u00ebsi prej 15-46 km\/h.<\/p>\n<p>Temperaturat do t\u00eb p\u00ebsojn\u00eb ulje t\u00eb ndjeshme, me minimale q\u00eb do t\u00eb l\u00ebvizin prej 16 deri n\u00eb 18\u00b0C, nd\u00ebrsa ato maksimale prej 27 deri n\u00eb 31\u00b0C.<\/p>\n","protected":false},"excerpt":{"rendered":"<p>T\u00eb diel\u00ebn parashikohet t\u00eb dep\u00ebrtojn\u00eb masa m\u00eb t\u00eb fresk\u00ebta por t\u00eb thata. Moti do t\u00eb karakterizohet kryesisht me diell. Era do t\u00eb fryj\u00eb nga verilindja, e cila her\u00eb pas here pritet t\u00eb jet\u00eb e fuqishme, me shpejt\u00ebsi prej 15-46 km\/h. Temperaturat do t\u00eb p\u00ebsojn\u00eb ulje t\u00eb ndjeshme, me minimale q\u00eb do t\u00eb l\u00ebvizin prej 16 [&hellip;]<\/p>\n","protected":false},"author":1,"featured_media":242579,"comment_status":"closed","ping_status":"closed","sticky":false,"template":"","format":"standard","meta":{"footnotes":""},"categories":[5],"tags":[],"tmauthors":[136],"class_list":["post-243179","post","type-post","status-publish","format-standard","has-post-thumbnail","category-lajme"],"_links":{"self":[{"href":"https:\/\/radiostargjilan.com\/web\/wp-json\/wp\/v2\/posts\/243179","targetHints":{"allow":["GET"]}}],"collection":[{"href":"https:\/\/radiostargjilan.com\/web\/wp-json\/wp\/v2\/posts"}],"about":[{"href":"https:\/\/radiostargjilan.com\/web\/wp-json\/wp\/v2\/types\/post"}],"author":[{"embeddable":true,"href":"https:\/\/radiostargjilan.com\/web\/wp-json\/wp\/v2\/users\/1"}],"replies":[{"embeddable":true,"href":"https:\/\/radiostargjilan.com\/web\/wp-json\/wp\/v2\/comments?post=243179"}],"version-history":[{"count":1,"href":"https:\/\/radiostargjilan.com\/web\/wp-json\/wp\/v2\/posts\/243179\/revisions"}],"predecessor-version":[{"id":243180,"href":"https:\/\/radiostargjilan.com\/web\/wp-json\/wp\/v2\/posts\/243179\/revisions\/243180"}],"wp:featuredmedia":[{"embeddable":true,"href":"https:\/\/radiostargjilan.com\/web\/wp-json\/wp\/v2\/media\/242579"}],"wp:attachment":[{"href":"https:\/\/radiostargjilan.com\/web\/wp-json\/wp\/v2\/media?parent=243179"}],"wp:term":[{"taxonomy":"category","embeddable":true,"href":"https:\/\/radiostargjilan.com\/web\/wp-json\/wp\/v2\/categories?post=243179"},{"taxonomy":"post_tag","embeddable":true,"href":"https:\/\/radiostargjilan.com\/web\/wp-json\/wp\/v2\/tags?post=243179"},{"taxonomy":"tmauthors","embeddable":true,"href":"https:\/\/radiostargjilan.com\/web\/wp-json\/wp\/v2\/tmauthors?post=243179"}],"curies":[{"name":"wp","href":"https:\/\/api.w.org\/{rel}","templated":true}]}}