{"id":243181,"date":"2026-09-06T10:30:11","date_gmt":"2026-09-06T08:30:11","guid":{"rendered":"https:\/\/radiostargjilan.com\/web\/?p=243181"},"modified":"2026-09-06T10:30:11","modified_gmt":"2026-09-06T08:30:11","slug":"sot-nuk-do-te-kete-kufizime-per-qarkullimin-e-automjeteve-mbi-20-tone","status":"publish","type":"post","link":"https:\/\/radiostargjilan.com\/web\/sot-nuk-do-te-kete-kufizime-per-qarkullimin-e-automjeteve-mbi-20-tone\/","title":{"rendered":"Sot nuk do t\u00eb ket\u00eb kufizime p\u00ebr qarkullimin e automjeteve mbi 20 ton\u00eb"},"content":{"rendered":"<p>Ministria e Infrastruktur\u00ebs dhe Transportit ka njoftuar se t\u00eb diel\u00ebn, m\u00eb 6 shtator, nuk do t\u00eb ket\u00eb kufizime t\u00eb qarkullimit p\u00ebr automjetet e transportit t\u00eb mallrave me mas\u00eb totale mbi 20 ton\u00eb.<\/p>\n<p>Sipas Ministris\u00eb, parashikimet zyrtare t\u00eb temperaturave tregojn\u00eb se nuk do t\u00eb plot\u00ebsohen kushtet p\u00ebr zbatimin e kufizimeve t\u00eb p\u00ebrkohshme.<\/p>\n<p>Ministria b\u00ebri t\u00eb ditur se do t\u00eb vazhdoj\u00eb monitorimin e p\u00ebrditsh\u00ebm t\u00eb parashikimeve meteorologjike dhe se qytetar\u00ebt e operator\u00ebt ekonomik\u00eb do t\u00eb njoftohen me koh\u00eb p\u00ebr \u00e7do ndryshim.<\/p>\n","protected":false},"excerpt":{"rendered":"<p>Ministria e Infrastruktur\u00ebs dhe Transportit ka njoftuar se t\u00eb diel\u00ebn, m\u00eb 6 shtator, nuk do t\u00eb ket\u00eb kufizime t\u00eb qarkullimit p\u00ebr automjetet e transportit t\u00eb mallrave me mas\u00eb totale mbi 20 ton\u00eb. Sipas Ministris\u00eb, parashikimet zyrtare t\u00eb temperaturave tregojn\u00eb se nuk do t\u00eb plot\u00ebsohen kushtet p\u00ebr zbatimin e kufizimeve t\u00eb p\u00ebrkohshme. Ministria b\u00ebri t\u00eb ditur [&hellip;]<\/p>\n","protected":false},"author":1,"featured_media":243138,"comment_status":"closed","ping_status":"closed","sticky":false,"template":"","format":"standard","meta":{"footnotes":""},"categories":[5],"tags":[],"tmauthors":[136],"class_list":["post-243181","post","type-post","status-publish","format-standard","has-post-thumbnail","category-lajme"],"_links":{"self":[{"href":"https:\/\/radiostargjilan.com\/web\/wp-json\/wp\/v2\/posts\/243181","targetHints":{"allow":["GET"]}}],"collection":[{"href":"https:\/\/radiostargjilan.com\/web\/wp-json\/wp\/v2\/posts"}],"about":[{"href":"https:\/\/radiostargjilan.com\/web\/wp-json\/wp\/v2\/types\/post"}],"author":[{"embeddable":true,"href":"https:\/\/radiostargjilan.com\/web\/wp-json\/wp\/v2\/users\/1"}],"replies":[{"embeddable":true,"href":"https:\/\/radiostargjilan.com\/web\/wp-json\/wp\/v2\/comments?post=243181"}],"version-history":[{"count":1,"href":"https:\/\/radiostargjilan.com\/web\/wp-json\/wp\/v2\/posts\/243181\/revisions"}],"predecessor-version":[{"id":243182,"href":"https:\/\/radiostargjilan.com\/web\/wp-json\/wp\/v2\/posts\/243181\/revisions\/243182"}],"wp:featuredmedia":[{"embeddable":true,"href":"https:\/\/radiostargjilan.com\/web\/wp-json\/wp\/v2\/media\/243138"}],"wp:attachment":[{"href":"https:\/\/radiostargjilan.com\/web\/wp-json\/wp\/v2\/media?parent=243181"}],"wp:term":[{"taxonomy":"category","embeddable":true,"href":"https:\/\/radiostargjilan.com\/web\/wp-json\/wp\/v2\/categories?post=243181"},{"taxonomy":"post_tag","embeddable":true,"href":"https:\/\/radiostargjilan.com\/web\/wp-json\/wp\/v2\/tags?post=243181"},{"taxonomy":"tmauthors","embeddable":true,"href":"https:\/\/radiostargjilan.com\/web\/wp-json\/wp\/v2\/tmauthors?post=243181"}],"curies":[{"name":"wp","href":"https:\/\/api.w.org\/{rel}","templated":true}]}}