{"id":243183,"date":"2026-09-06T11:08:29","date_gmt":"2026-09-06T09:08:29","guid":{"rendered":"https:\/\/radiostargjilan.com\/web\/?p=243183"},"modified":"2026-09-06T11:08:29","modified_gmt":"2026-09-06T09:08:29","slug":"policia-e-kosove-sot-mbush-27-vjet-nga-themelimi-i-saj","status":"publish","type":"post","link":"https:\/\/radiostargjilan.com\/web\/policia-e-kosove-sot-mbush-27-vjet-nga-themelimi-i-saj\/","title":{"rendered":"Policia e Kosov\u00eb sot mbush 27 vjet nga themelimi i saj"},"content":{"rendered":"<p>Policia e Kosov\u00eb sot mbush 27 vjet nga themelimi i saj.<\/p>\n<p>M\u00eb 6 shtator 1999, Misioni i OSBE-s\u00eb n\u00eb Kosov\u00eb, n\u00eb pajtim me Rezolut\u00ebn e Kombeve t\u00eb Bashkuara 1244, ka hapur Shkoll\u00ebn e Policis\u00eb dhe ka filluar trajnimin e kandidat\u00ebve p\u00ebr pjes\u00ebtar\u00eb t\u00eb Policis\u00eb s\u00eb Kosov\u00ebs.<\/p>\n<p>Gjenerata e par\u00eb e kandidat\u00ebve p\u00ebr pjes\u00ebtar\u00eb t\u00eb k\u00ebtij Sh\u00ebrbimi filloi trajnimin n\u00eb k\u00ebt\u00eb qend\u00ebr m\u00eb 6 shtator 1999. Kjo gjenerat\u00eb num\u00ebroi 176 pjes\u00ebtar\u00eb, t\u00eb cil\u00ebt me sukses p\u00ebrfunduan trajnimin dhe pastaj filluan ushtrimin e veprimtaris\u00eb policore n\u00eb t\u00ebr\u00eb territorin e Kosov\u00ebs si polic\u00ebt e par\u00eb t\u00eb k\u00ebtij sh\u00ebrbimi.<\/p>\n","protected":false},"excerpt":{"rendered":"<p>Policia e Kosov\u00eb sot mbush 27 vjet nga themelimi i saj. M\u00eb 6 shtator 1999, Misioni i OSBE-s\u00eb n\u00eb Kosov\u00eb, n\u00eb pajtim me Rezolut\u00ebn e Kombeve t\u00eb Bashkuara 1244, ka hapur Shkoll\u00ebn e Policis\u00eb dhe ka filluar trajnimin e kandidat\u00ebve p\u00ebr pjes\u00ebtar\u00eb t\u00eb Policis\u00eb s\u00eb Kosov\u00ebs. Gjenerata e par\u00eb e kandidat\u00ebve p\u00ebr pjes\u00ebtar\u00eb t\u00eb k\u00ebtij [&hellip;]<\/p>\n","protected":false},"author":1,"featured_media":243184,"comment_status":"closed","ping_status":"closed","sticky":false,"template":"","format":"standard","meta":{"footnotes":""},"categories":[5],"tags":[],"tmauthors":[136],"class_list":["post-243183","post","type-post","status-publish","format-standard","has-post-thumbnail","category-lajme"],"_links":{"self":[{"href":"https:\/\/radiostargjilan.com\/web\/wp-json\/wp\/v2\/posts\/243183","targetHints":{"allow":["GET"]}}],"collection":[{"href":"https:\/\/radiostargjilan.com\/web\/wp-json\/wp\/v2\/posts"}],"about":[{"href":"https:\/\/radiostargjilan.com\/web\/wp-json\/wp\/v2\/types\/post"}],"author":[{"embeddable":true,"href":"https:\/\/radiostargjilan.com\/web\/wp-json\/wp\/v2\/users\/1"}],"replies":[{"embeddable":true,"href":"https:\/\/radiostargjilan.com\/web\/wp-json\/wp\/v2\/comments?post=243183"}],"version-history":[{"count":1,"href":"https:\/\/radiostargjilan.com\/web\/wp-json\/wp\/v2\/posts\/243183\/revisions"}],"predecessor-version":[{"id":243185,"href":"https:\/\/radiostargjilan.com\/web\/wp-json\/wp\/v2\/posts\/243183\/revisions\/243185"}],"wp:featuredmedia":[{"embeddable":true,"href":"https:\/\/radiostargjilan.com\/web\/wp-json\/wp\/v2\/media\/243184"}],"wp:attachment":[{"href":"https:\/\/radiostargjilan.com\/web\/wp-json\/wp\/v2\/media?parent=243183"}],"wp:term":[{"taxonomy":"category","embeddable":true,"href":"https:\/\/radiostargjilan.com\/web\/wp-json\/wp\/v2\/categories?post=243183"},{"taxonomy":"post_tag","embeddable":true,"href":"https:\/\/radiostargjilan.com\/web\/wp-json\/wp\/v2\/tags?post=243183"},{"taxonomy":"tmauthors","embeddable":true,"href":"https:\/\/radiostargjilan.com\/web\/wp-json\/wp\/v2\/tmauthors?post=243183"}],"curies":[{"name":"wp","href":"https:\/\/api.w.org\/{rel}","templated":true}]}}