{"id":243186,"date":"2026-09-06T12:18:31","date_gmt":"2026-09-06T10:18:31","guid":{"rendered":"https:\/\/radiostargjilan.com\/web\/?p=243186"},"modified":"2026-09-06T12:18:31","modified_gmt":"2026-09-06T10:18:31","slug":"nje-gje-qe-do-te-duhej-ta-bente-dka-ja-e-gjilanit-e-beri-asamblisti-fadil-ademi-5-klima-per-shkollen-e-llovces","status":"publish","type":"post","link":"https:\/\/radiostargjilan.com\/web\/nje-gje-qe-do-te-duhej-ta-bente-dka-ja-e-gjilanit-e-beri-asamblisti-fadil-ademi-5-klima-per-shkollen-e-llovces\/","title":{"rendered":"Nj\u00eb gj\u00eb q\u00eb do t\u00eb duhej ta b\u00ebnte DKA-ja e Gjilanit, e b\u00ebri asamblisti Fadil Ademi \u2013 5 klima p\u00ebr shkoll\u00ebn e Llovc\u00ebs"},"content":{"rendered":"<p>Asamblisti komunal Fadil Ademi ka nd\u00ebrmarr\u00eb nj\u00eb iniciativ\u00eb vullnetare p\u00ebr p\u00ebrmir\u00ebsimin e kushteve n\u00eb shkoll\u00ebn e fshatit Llovc\u00eb, duke dhuruar pes\u00eb klima p\u00ebr nx\u00ebn\u00ebsit.<\/p>\n<p>Sipas Ademit, nisma \u00ebsht\u00eb realizuar me ndihm\u00ebn e familjar\u00ebve dhe kush\u00ebrinjve t\u00eb tij, p\u00ebrfshir\u00eb edhe bashkatdhetar\u00eb nga diaspora, me synimin q\u00eb nx\u00ebn\u00ebsit t\u00eb ken\u00eb kushte m\u00eb t\u00eb mira gjat\u00eb m\u00ebsimit, si n\u00eb periudh\u00ebn e ver\u00ebs, ashtu edhe gjat\u00eb dimrit.<\/p>\n<p>Ademi ka b\u00ebr\u00eb t\u00eb ditur se nj\u00eb vit m\u00eb par\u00eb Komuna e Gjilanit kishte investuar n\u00eb p\u00ebrmir\u00ebsimin e kushteve t\u00eb shkoll\u00ebs, nd\u00ebrsa kjo iniciativ\u00eb synon t\u00eb kontribuoj\u00eb m\u00eb tej n\u00eb krijimin e nj\u00eb ambienti m\u00eb t\u00eb p\u00ebrshtatsh\u00ebm p\u00ebr nx\u00ebn\u00ebsit.<\/p>\n<p>Ky veprim vullnetar ngre edhe \u00e7\u00ebshtjen e p\u00ebrgjegj\u00ebsis\u00eb institucionale, pasi sigurimi i kushteve t\u00eb p\u00ebrshtatshme n\u00eb objektet shkollore \u00ebsht\u00eb p\u00ebrgjegj\u00ebsi e institucioneve komunale p\u00ebrkat\u00ebse.<\/p>\n<p>Ademi ka fal\u00ebnderuar t\u00eb gjith\u00eb familjar\u00ebt dhe bashk\u00ebpun\u00ebtor\u00ebt q\u00eb kontribuuan n\u00eb realizimin e k\u00ebsaj nisme, duke theksuar se, pavar\u00ebsisht larg\u00ebsis\u00eb, lidhja me vendlindjen dhe kujdesi p\u00ebr komunitetin mbeten t\u00eb forta.<\/p>\n","protected":false},"excerpt":{"rendered":"<p>Asamblisti komunal Fadil Ademi ka nd\u00ebrmarr\u00eb nj\u00eb iniciativ\u00eb vullnetare p\u00ebr p\u00ebrmir\u00ebsimin e kushteve n\u00eb shkoll\u00ebn e fshatit Llovc\u00eb, duke dhuruar pes\u00eb klima p\u00ebr nx\u00ebn\u00ebsit. Sipas Ademit, nisma \u00ebsht\u00eb realizuar me ndihm\u00ebn e familjar\u00ebve dhe kush\u00ebrinjve t\u00eb tij, p\u00ebrfshir\u00eb edhe bashkatdhetar\u00eb nga diaspora, me synimin q\u00eb nx\u00ebn\u00ebsit t\u00eb ken\u00eb kushte m\u00eb t\u00eb mira gjat\u00eb m\u00ebsimit, si [&hellip;]<\/p>\n","protected":false},"author":1,"featured_media":243187,"comment_status":"closed","ping_status":"closed","sticky":false,"template":"","format":"standard","meta":{"footnotes":""},"categories":[5],"tags":[],"tmauthors":[136],"class_list":["post-243186","post","type-post","status-publish","format-standard","has-post-thumbnail","category-lajme"],"_links":{"self":[{"href":"https:\/\/radiostargjilan.com\/web\/wp-json\/wp\/v2\/posts\/243186","targetHints":{"allow":["GET"]}}],"collection":[{"href":"https:\/\/radiostargjilan.com\/web\/wp-json\/wp\/v2\/posts"}],"about":[{"href":"https:\/\/radiostargjilan.com\/web\/wp-json\/wp\/v2\/types\/post"}],"author":[{"embeddable":true,"href":"https:\/\/radiostargjilan.com\/web\/wp-json\/wp\/v2\/users\/1"}],"replies":[{"embeddable":true,"href":"https:\/\/radiostargjilan.com\/web\/wp-json\/wp\/v2\/comments?post=243186"}],"version-history":[{"count":1,"href":"https:\/\/radiostargjilan.com\/web\/wp-json\/wp\/v2\/posts\/243186\/revisions"}],"predecessor-version":[{"id":243188,"href":"https:\/\/radiostargjilan.com\/web\/wp-json\/wp\/v2\/posts\/243186\/revisions\/243188"}],"wp:featuredmedia":[{"embeddable":true,"href":"https:\/\/radiostargjilan.com\/web\/wp-json\/wp\/v2\/media\/243187"}],"wp:attachment":[{"href":"https:\/\/radiostargjilan.com\/web\/wp-json\/wp\/v2\/media?parent=243186"}],"wp:term":[{"taxonomy":"category","embeddable":true,"href":"https:\/\/radiostargjilan.com\/web\/wp-json\/wp\/v2\/categories?post=243186"},{"taxonomy":"post_tag","embeddable":true,"href":"https:\/\/radiostargjilan.com\/web\/wp-json\/wp\/v2\/tags?post=243186"},{"taxonomy":"tmauthors","embeddable":true,"href":"https:\/\/radiostargjilan.com\/web\/wp-json\/wp\/v2\/tmauthors?post=243186"}],"curies":[{"name":"wp","href":"https:\/\/api.w.org\/{rel}","templated":true}]}}