{"id":243192,"date":"2026-09-06T12:58:09","date_gmt":"2026-09-06T10:58:09","guid":{"rendered":"https:\/\/radiostargjilan.com\/web\/?p=243192"},"modified":"2026-09-06T12:58:09","modified_gmt":"2026-09-06T10:58:09","slug":"ndalet-nje-person-ne-mucibabe-ne-veture-kishte-11-migrante","status":"publish","type":"post","link":"https:\/\/radiostargjilan.com\/web\/ndalet-nje-person-ne-mucibabe-ne-veture-kishte-11-migrante\/","title":{"rendered":"Ndalet nj\u00eb person n\u00eb Mu\u00e7ibab\u00eb, n\u00eb vetur\u00eb kishte 11 migrant\u00eb"},"content":{"rendered":"<p>Nj\u00eb person \u00ebsht\u00eb arrestuar n\u00eb Mu\u00e7ibab\u00eb t\u00eb Gjilanit, pasi \u00ebsht\u00eb ndaluar duke drejtuar nj\u00eb automjet n\u00eb t\u00eb cilin ndodheshin 11 migrant\u00eb.<\/p>\n<p>Sipas Policis\u00eb s\u00eb Kosov\u00ebs, rasti ka ndodhur m\u00eb 5 shtator, rreth or\u00ebs 00:20, n\u00eb rrug\u00ebn \u201cPasion \u2013 Mu\u00e7ibab\u00eb\u201d.<\/p>\n<p>I dyshuari \u00ebsht\u00eb ndaluar nga Policia, nd\u00ebrsa p\u00ebr rastin \u00ebsht\u00eb njoftuar nj\u00ebsiti p\u00ebr Migrim. Me vendim t\u00eb prokurorit, automjeti \u00ebsht\u00eb konfiskuar dhe \u00ebsht\u00eb d\u00ebrguar n\u00eb Terminalin Doganor.<\/p>\n<p>Pas intervistimit, i dyshuari me vendim t\u00eb prokurorit \u00ebsht\u00eb d\u00ebrguar n\u00eb mbajtje.<\/p>\n<p>Rasti \u00ebsht\u00eb iniciuar si \u201cKontrabandim me migrant\u00eb\u201d.<\/p>\n","protected":false},"excerpt":{"rendered":"<p>Nj\u00eb person \u00ebsht\u00eb arrestuar n\u00eb Mu\u00e7ibab\u00eb t\u00eb Gjilanit, pasi \u00ebsht\u00eb ndaluar duke drejtuar nj\u00eb automjet n\u00eb t\u00eb cilin ndodheshin 11 migrant\u00eb. Sipas Policis\u00eb s\u00eb Kosov\u00ebs, rasti ka ndodhur m\u00eb 5 shtator, rreth or\u00ebs 00:20, n\u00eb rrug\u00ebn \u201cPasion \u2013 Mu\u00e7ibab\u00eb\u201d. I dyshuari \u00ebsht\u00eb ndaluar nga Policia, nd\u00ebrsa p\u00ebr rastin \u00ebsht\u00eb njoftuar nj\u00ebsiti p\u00ebr Migrim. Me vendim [&hellip;]<\/p>\n","protected":false},"author":1,"featured_media":243193,"comment_status":"closed","ping_status":"closed","sticky":false,"template":"","format":"standard","meta":{"footnotes":""},"categories":[5],"tags":[],"tmauthors":[136],"class_list":["post-243192","post","type-post","status-publish","format-standard","has-post-thumbnail","category-lajme"],"_links":{"self":[{"href":"https:\/\/radiostargjilan.com\/web\/wp-json\/wp\/v2\/posts\/243192","targetHints":{"allow":["GET"]}}],"collection":[{"href":"https:\/\/radiostargjilan.com\/web\/wp-json\/wp\/v2\/posts"}],"about":[{"href":"https:\/\/radiostargjilan.com\/web\/wp-json\/wp\/v2\/types\/post"}],"author":[{"embeddable":true,"href":"https:\/\/radiostargjilan.com\/web\/wp-json\/wp\/v2\/users\/1"}],"replies":[{"embeddable":true,"href":"https:\/\/radiostargjilan.com\/web\/wp-json\/wp\/v2\/comments?post=243192"}],"version-history":[{"count":1,"href":"https:\/\/radiostargjilan.com\/web\/wp-json\/wp\/v2\/posts\/243192\/revisions"}],"predecessor-version":[{"id":243194,"href":"https:\/\/radiostargjilan.com\/web\/wp-json\/wp\/v2\/posts\/243192\/revisions\/243194"}],"wp:featuredmedia":[{"embeddable":true,"href":"https:\/\/radiostargjilan.com\/web\/wp-json\/wp\/v2\/media\/243193"}],"wp:attachment":[{"href":"https:\/\/radiostargjilan.com\/web\/wp-json\/wp\/v2\/media?parent=243192"}],"wp:term":[{"taxonomy":"category","embeddable":true,"href":"https:\/\/radiostargjilan.com\/web\/wp-json\/wp\/v2\/categories?post=243192"},{"taxonomy":"post_tag","embeddable":true,"href":"https:\/\/radiostargjilan.com\/web\/wp-json\/wp\/v2\/tags?post=243192"},{"taxonomy":"tmauthors","embeddable":true,"href":"https:\/\/radiostargjilan.com\/web\/wp-json\/wp\/v2\/tmauthors?post=243192"}],"curies":[{"name":"wp","href":"https:\/\/api.w.org\/{rel}","templated":true}]}}