{"id":243200,"date":"2026-09-06T15:58:07","date_gmt":"2026-09-06T13:58:07","guid":{"rendered":"https:\/\/radiostargjilan.com\/web\/?p=243200"},"modified":"2026-09-06T15:58:07","modified_gmt":"2026-09-06T13:58:07","slug":"ditari-i-nje-fotografi-te-luftes-hapet-ne-prishtine-ekspozite-ne-nderim-te-luftes-se-uck-se","status":"publish","type":"post","link":"https:\/\/radiostargjilan.com\/web\/ditari-i-nje-fotografi-te-luftes-hapet-ne-prishtine-ekspozite-ne-nderim-te-luftes-se-uck-se\/","title":{"rendered":"\u201cDitari i nj\u00eb fotografi t\u00eb luft\u00ebs\u201d hapet n\u00eb Prishtin\u00eb, ekspozit\u00eb n\u00eb nderim t\u00eb luft\u00ebs s\u00eb U\u00c7K-s\u00eb"},"content":{"rendered":"<p>Galeria e Arteve n\u00eb Prishtin\u00eb, n\u00eb bashk\u00ebpunim me platform\u00ebn qytetare \u201cLiria Ka Em\u00ebr\u201d, do t\u00eb hap\u00eb m\u00eb 8 shtator 2026 ekspozit\u00ebn \u201cDitari i nj\u00eb fotografi t\u00eb luft\u00ebs\u201d, t\u00eb fotografit Visar Kryeziu.<\/p>\n<p>Ekspozita sjell p\u00ebrmes fotografis\u00eb kujtime, d\u00ebshmi dhe momente nga lufta e Kosov\u00ebs, duke e rikthyer n\u00eb v\u00ebmendje sakrific\u00ebn dhe rrug\u00ebn drejt liris\u00eb.<\/p>\n<p>Ajo vjen si nj\u00eb ekspozit\u00eb n\u00eb nderim t\u00eb luft\u00ebs s\u00eb drejt\u00eb dhe t\u00eb past\u00ebr t\u00eb Ushtris\u00eb \u00c7lirimtare t\u00eb Kosov\u00ebs, si d\u00ebshmi e historis\u00eb son\u00eb dhe si mesazh mb\u00ebshtetjeje p\u00ebr \u00e7lirimtar\u00ebt Hashim Tha\u00e7i, Kadri Veseli, Jakup Krasniqi dhe Rexhep Selimi, t\u00eb cil\u00ebt ndodhen n\u00eb Hag\u00eb.<br \/>\nHapja e ekspozit\u00ebs do t\u00eb b\u00ebhet m\u00eb 8 shtator, n\u00eb ora 19:00, n\u00eb Pallatin e Rinis\u00eb n\u00eb Prishtin\u00eb.<\/p>\n<p>\u201cEkspozita \u00ebsht\u00eb pjes\u00eb e aktiviteteve q\u00eb po zhvillohen n\u00eb prag t\u00eb Marshit p\u00ebr Liri, q\u00eb do t\u00eb mbahet m\u00eb 12 shtator n\u00eb Prishtin\u00eb, n\u00eb mb\u00ebshtetje t\u00eb \u00e7lirimtar\u00ebve dhe t\u00eb luft\u00ebs \u00e7lirimtare t\u00eb U\u00c7K-s\u00eb.<\/p>\n","protected":false},"excerpt":{"rendered":"<p>Galeria e Arteve n\u00eb Prishtin\u00eb, n\u00eb bashk\u00ebpunim me platform\u00ebn qytetare \u201cLiria Ka Em\u00ebr\u201d, do t\u00eb hap\u00eb m\u00eb 8 shtator 2026 ekspozit\u00ebn \u201cDitari i nj\u00eb fotografi t\u00eb luft\u00ebs\u201d, t\u00eb fotografit Visar Kryeziu. Ekspozita sjell p\u00ebrmes fotografis\u00eb kujtime, d\u00ebshmi dhe momente nga lufta e Kosov\u00ebs, duke e rikthyer n\u00eb v\u00ebmendje sakrific\u00ebn dhe rrug\u00ebn drejt liris\u00eb. Ajo vjen [&hellip;]<\/p>\n","protected":false},"author":1,"featured_media":243201,"comment_status":"closed","ping_status":"closed","sticky":false,"template":"","format":"standard","meta":{"footnotes":""},"categories":[5],"tags":[],"tmauthors":[136],"class_list":["post-243200","post","type-post","status-publish","format-standard","has-post-thumbnail","category-lajme"],"_links":{"self":[{"href":"https:\/\/radiostargjilan.com\/web\/wp-json\/wp\/v2\/posts\/243200","targetHints":{"allow":["GET"]}}],"collection":[{"href":"https:\/\/radiostargjilan.com\/web\/wp-json\/wp\/v2\/posts"}],"about":[{"href":"https:\/\/radiostargjilan.com\/web\/wp-json\/wp\/v2\/types\/post"}],"author":[{"embeddable":true,"href":"https:\/\/radiostargjilan.com\/web\/wp-json\/wp\/v2\/users\/1"}],"replies":[{"embeddable":true,"href":"https:\/\/radiostargjilan.com\/web\/wp-json\/wp\/v2\/comments?post=243200"}],"version-history":[{"count":1,"href":"https:\/\/radiostargjilan.com\/web\/wp-json\/wp\/v2\/posts\/243200\/revisions"}],"predecessor-version":[{"id":243202,"href":"https:\/\/radiostargjilan.com\/web\/wp-json\/wp\/v2\/posts\/243200\/revisions\/243202"}],"wp:featuredmedia":[{"embeddable":true,"href":"https:\/\/radiostargjilan.com\/web\/wp-json\/wp\/v2\/media\/243201"}],"wp:attachment":[{"href":"https:\/\/radiostargjilan.com\/web\/wp-json\/wp\/v2\/media?parent=243200"}],"wp:term":[{"taxonomy":"category","embeddable":true,"href":"https:\/\/radiostargjilan.com\/web\/wp-json\/wp\/v2\/categories?post=243200"},{"taxonomy":"post_tag","embeddable":true,"href":"https:\/\/radiostargjilan.com\/web\/wp-json\/wp\/v2\/tags?post=243200"},{"taxonomy":"tmauthors","embeddable":true,"href":"https:\/\/radiostargjilan.com\/web\/wp-json\/wp\/v2\/tmauthors?post=243200"}],"curies":[{"name":"wp","href":"https:\/\/api.w.org\/{rel}","templated":true}]}}