{"id":243207,"date":"2026-09-06T16:32:41","date_gmt":"2026-09-06T14:32:41","guid":{"rendered":"https:\/\/radiostargjilan.com\/web\/?p=243207"},"modified":"2026-09-06T16:32:41","modified_gmt":"2026-09-06T14:32:41","slug":"deputetja-e-vv-i-reagon-behramit-pasi-postoi-per-blerim-isufajn-po-e-mbrone-prokurorine-po-e-sulmon-kurtin","status":"publish","type":"post","link":"https:\/\/radiostargjilan.com\/web\/deputetja-e-vv-i-reagon-behramit-pasi-postoi-per-blerim-isufajn-po-e-mbrone-prokurorine-po-e-sulmon-kurtin\/","title":{"rendered":"Deputetja e VV i reagon Behramit pasi postoi p\u00ebr Blerim Isufajn: Po e mbron\u00eb Prokurorin\u00eb, po e sulmon Kurtin"},"content":{"rendered":"<p>Deputeti i PDK-s\u00eb, Artan Behrami, ka shkruar n\u00eb FB-n\u00eb e tij se deri n\u00eb fund t\u00eb vitit 2025, Prokuroria Speciale ka ngritur 80 aktakuza p\u00ebr krime lufte ndaj 260 personave, ku thekson se n\u00eb krye t\u00eb k\u00ebsaj prokurorie \u00ebsht\u00eb Blerim Isufaj.<\/p>\n<p>Tutje, Behrami shkruan se \u201cs\u00eb fundmi, Prokuroria Speciale ngriti aktakuz\u00eb ndaj 35 ish-zyrtar\u00ebve dhe komandant\u00ebve serb\u00eb p\u00ebr krimet n\u00eb Prekaz, p\u00ebrfshir\u00eb vrasjen e civil\u00ebve shqiptar\u00eb n\u00eb lagjen e Jasharajve\u201d.<\/p>\n<p>\u201cPor Isufaj nuk \u00ebsht\u00eb p\u00ebrplasur vet\u00ebm me kriminel\u00ebt serb\u00eb\u201d, vijon ai.<\/p>\n<p>E ndaj tij ka reaguar deputetja e VV-s\u00eb, Arb\u00ebresh\u00eb Kryeziu \u2013 Hyseni e cila thekson se ai po e mbron Prokurorin\u00eb e po e sulmon kryeministrin Albin Kurti.<\/p>\n<p>Behrami thot\u00eb se Prokuroria Speciale ka hetuar dhe proceduar edhe zyrtar\u00eb t\u00eb lidhur me pushtetin e Albin Kurtit.<\/p>\n","protected":false},"excerpt":{"rendered":"<p>Deputeti i PDK-s\u00eb, Artan Behrami, ka shkruar n\u00eb FB-n\u00eb e tij se deri n\u00eb fund t\u00eb vitit 2025, Prokuroria Speciale ka ngritur 80 aktakuza p\u00ebr krime lufte ndaj 260 personave, ku thekson se n\u00eb krye t\u00eb k\u00ebsaj prokurorie \u00ebsht\u00eb Blerim Isufaj. Tutje, Behrami shkruan se \u201cs\u00eb fundmi, Prokuroria Speciale ngriti aktakuz\u00eb ndaj 35 ish-zyrtar\u00ebve dhe [&hellip;]<\/p>\n","protected":false},"author":1,"featured_media":243208,"comment_status":"closed","ping_status":"closed","sticky":false,"template":"","format":"standard","meta":{"footnotes":""},"categories":[5],"tags":[],"tmauthors":[136],"class_list":["post-243207","post","type-post","status-publish","format-standard","has-post-thumbnail","category-lajme"],"_links":{"self":[{"href":"https:\/\/radiostargjilan.com\/web\/wp-json\/wp\/v2\/posts\/243207","targetHints":{"allow":["GET"]}}],"collection":[{"href":"https:\/\/radiostargjilan.com\/web\/wp-json\/wp\/v2\/posts"}],"about":[{"href":"https:\/\/radiostargjilan.com\/web\/wp-json\/wp\/v2\/types\/post"}],"author":[{"embeddable":true,"href":"https:\/\/radiostargjilan.com\/web\/wp-json\/wp\/v2\/users\/1"}],"replies":[{"embeddable":true,"href":"https:\/\/radiostargjilan.com\/web\/wp-json\/wp\/v2\/comments?post=243207"}],"version-history":[{"count":1,"href":"https:\/\/radiostargjilan.com\/web\/wp-json\/wp\/v2\/posts\/243207\/revisions"}],"predecessor-version":[{"id":243209,"href":"https:\/\/radiostargjilan.com\/web\/wp-json\/wp\/v2\/posts\/243207\/revisions\/243209"}],"wp:featuredmedia":[{"embeddable":true,"href":"https:\/\/radiostargjilan.com\/web\/wp-json\/wp\/v2\/media\/243208"}],"wp:attachment":[{"href":"https:\/\/radiostargjilan.com\/web\/wp-json\/wp\/v2\/media?parent=243207"}],"wp:term":[{"taxonomy":"category","embeddable":true,"href":"https:\/\/radiostargjilan.com\/web\/wp-json\/wp\/v2\/categories?post=243207"},{"taxonomy":"post_tag","embeddable":true,"href":"https:\/\/radiostargjilan.com\/web\/wp-json\/wp\/v2\/tags?post=243207"},{"taxonomy":"tmauthors","embeddable":true,"href":"https:\/\/radiostargjilan.com\/web\/wp-json\/wp\/v2\/tmauthors?post=243207"}],"curies":[{"name":"wp","href":"https:\/\/api.w.org\/{rel}","templated":true}]}}