{"id":243210,"date":"2026-09-06T16:33:41","date_gmt":"2026-09-06T14:33:41","guid":{"rendered":"https:\/\/radiostargjilan.com\/web\/?p=243210"},"modified":"2026-09-06T16:33:41","modified_gmt":"2026-09-06T14:33:41","slug":"kurti-shkon-per-ngushellime-ne-familjen-e-laurent-krasniqit-pas-humbjes-tragjike","status":"publish","type":"post","link":"https:\/\/radiostargjilan.com\/web\/kurti-shkon-per-ngushellime-ne-familjen-e-laurent-krasniqit-pas-humbjes-tragjike\/","title":{"rendered":"Kurti shkon p\u00ebr ngush\u00ebllime n\u00eb familjen e Laurent Krasniqit pas humbjes tragjike"},"content":{"rendered":"<p>Kryeministri n\u00eb detyr\u00eb i Kosov\u00ebs, Albin Kurti, dit\u00ebn e djeshme ka vizituar familjen e Laurent Krasniqit p\u00ebr t\u2019u shprehur ngush\u00ebllime pas humbjes s\u00eb tij tragjike.<\/p>\n<p>Krasniqi, 29-vje\u00e7ari i njohur si ish-banor i Big Brother VIP Kosova dhe krijues p\u00ebrmbajtjeje n\u00eb rrjetet sociale, humbi jet\u00ebn m\u00eb 2 shtator n\u00eb nj\u00eb aksident trafiku n\u00eb fshatin Llukar t\u00eb Prishtin\u00ebs.<\/p>\n<p>Sipas Policis\u00eb s\u00eb Kosov\u00ebs, n\u00eb aksident u p\u00ebrfshin\u00eb nj\u00eb vetur\u00eb dhe moto\u00e7ikleta me t\u00eb cil\u00ebn po udh\u00ebtonte Krasniqi.<\/p>\n<p>Kurti shkon p\u00ebr ngush\u00ebllime n\u00eb familjen e Laurent Krasniqit pas humbjes tragjike.<\/p>\n<p>Kryeministri n\u00eb detyr\u00eb i Kosov\u00ebs, Albin Kurti, dit\u00ebn e djeshme ka vizituar familjen e Laurent Krasniqit p\u00ebr t\u2019u shprehur ngush\u00ebllime pas humbjes s\u00eb tij tragjike.<\/p>\n<p>Ai p\u00ebsoi l\u00ebndime t\u00eb r\u00ebnda dhe, pavar\u00ebsisht d\u00ebrgimit n\u00eb Emergjenc\u00ebn e QKUK-s\u00eb, nuk arriti t\u2019u mbijetoj\u00eb plag\u00ebve.<\/p>\n<p>Shoferi i vetur\u00ebs \u00ebsht\u00eb arrestuar dhe \u00ebsht\u00eb d\u00ebrguar n\u00eb mbajtje me urdh\u00ebr t\u00eb prokurorit, nd\u00ebrsa rasti po hetohet p\u00ebr zbardhjen e plot\u00eb t\u00eb rrethanave t\u00eb aksidentit.<\/p>\n","protected":false},"excerpt":{"rendered":"<p>Kryeministri n\u00eb detyr\u00eb i Kosov\u00ebs, Albin Kurti, dit\u00ebn e djeshme ka vizituar familjen e Laurent Krasniqit p\u00ebr t\u2019u shprehur ngush\u00ebllime pas humbjes s\u00eb tij tragjike. Krasniqi, 29-vje\u00e7ari i njohur si ish-banor i Big Brother VIP Kosova dhe krijues p\u00ebrmbajtjeje n\u00eb rrjetet sociale, humbi jet\u00ebn m\u00eb 2 shtator n\u00eb nj\u00eb aksident trafiku n\u00eb fshatin Llukar t\u00eb [&hellip;]<\/p>\n","protected":false},"author":1,"featured_media":243211,"comment_status":"closed","ping_status":"closed","sticky":false,"template":"","format":"standard","meta":{"footnotes":""},"categories":[5],"tags":[],"tmauthors":[136],"class_list":["post-243210","post","type-post","status-publish","format-standard","has-post-thumbnail","category-lajme"],"_links":{"self":[{"href":"https:\/\/radiostargjilan.com\/web\/wp-json\/wp\/v2\/posts\/243210","targetHints":{"allow":["GET"]}}],"collection":[{"href":"https:\/\/radiostargjilan.com\/web\/wp-json\/wp\/v2\/posts"}],"about":[{"href":"https:\/\/radiostargjilan.com\/web\/wp-json\/wp\/v2\/types\/post"}],"author":[{"embeddable":true,"href":"https:\/\/radiostargjilan.com\/web\/wp-json\/wp\/v2\/users\/1"}],"replies":[{"embeddable":true,"href":"https:\/\/radiostargjilan.com\/web\/wp-json\/wp\/v2\/comments?post=243210"}],"version-history":[{"count":1,"href":"https:\/\/radiostargjilan.com\/web\/wp-json\/wp\/v2\/posts\/243210\/revisions"}],"predecessor-version":[{"id":243212,"href":"https:\/\/radiostargjilan.com\/web\/wp-json\/wp\/v2\/posts\/243210\/revisions\/243212"}],"wp:featuredmedia":[{"embeddable":true,"href":"https:\/\/radiostargjilan.com\/web\/wp-json\/wp\/v2\/media\/243211"}],"wp:attachment":[{"href":"https:\/\/radiostargjilan.com\/web\/wp-json\/wp\/v2\/media?parent=243210"}],"wp:term":[{"taxonomy":"category","embeddable":true,"href":"https:\/\/radiostargjilan.com\/web\/wp-json\/wp\/v2\/categories?post=243210"},{"taxonomy":"post_tag","embeddable":true,"href":"https:\/\/radiostargjilan.com\/web\/wp-json\/wp\/v2\/tags?post=243210"},{"taxonomy":"tmauthors","embeddable":true,"href":"https:\/\/radiostargjilan.com\/web\/wp-json\/wp\/v2\/tmauthors?post=243210"}],"curies":[{"name":"wp","href":"https:\/\/api.w.org\/{rel}","templated":true}]}}