{"id":243226,"date":"2026-09-06T20:34:50","date_gmt":"2026-09-06T18:34:50","guid":{"rendered":"https:\/\/radiostargjilan.com\/web\/?p=243226"},"modified":"2026-09-06T20:34:50","modified_gmt":"2026-09-06T18:34:50","slug":"27-vjetori-i-policise-kurti-fale-punes-se-tyre-krimi-ska-vend-ne-kosove","status":"publish","type":"post","link":"https:\/\/radiostargjilan.com\/web\/27-vjetori-i-policise-kurti-fale-punes-se-tyre-krimi-ska-vend-ne-kosove\/","title":{"rendered":"27-vjetori i Policis\u00eb, Kurti: Fal\u00eb pun\u00ebs s\u00eb tyre, krimi s\u2019ka vend n\u00eb Kosov\u00eb"},"content":{"rendered":"<p>Kryeministri n\u00eb detyr\u00eb i Kosov\u00ebs, Albin Kurti, n\u00eb 27-vjetorin e themelimit t\u00eb Policis\u00eb s\u00eb Kosov\u00ebs, tha se vendi \u00ebsht\u00eb m\u00eb i sigurt se kurr\u00eb m\u00eb par\u00eb, fal\u00eb forcimit t\u00eb Policis\u00eb s\u00eb Kosov\u00ebs.<\/p>\n<p>Kurti tha se forcimi i Policis\u00eb, ve\u00e7an\u00ebrisht n\u00eb veri t\u00eb vendit, ka ndihmuar edhe n\u00eb zbulimin e varrezave masive n\u00eb Zubin Potok.<\/p>\n<p>Ai p\u00ebrmendi edhe polic\u00ebt e r\u00ebn\u00eb n\u00eb detyr\u00eb, t\u00eb cil\u00ebt i cil\u00ebsoi si heronj t\u00eb vendit, nd\u00ebrsa tha se themelimi i Xhandarm\u00ebris\u00eb do t\u00eb sh\u00ebrbej\u00eb si p\u00ebrforcim shtes\u00eb p\u00ebr Policin\u00eb e Kosov\u00ebs.<\/p>\n<p>\u201cKosova \u00ebsht\u00eb m\u00eb e sigurt se kurr\u00eb m\u00eb par\u00eb, sepse Policia e Kosov\u00ebs \u00ebsht\u00eb m\u00eb e fort\u00eb se kurr\u00eb\u201d.<\/p>\n<p>\u201cMe sakrific\u00eb dhe shum\u00eb mund u ngrit ky institucion, ku sot secili dhe secila q\u00eb \u00ebsht\u00eb pjes\u00eb e tij punon me p\u00ebrpik\u00ebri p\u00ebr sigurin\u00eb e vendit\u201d.<\/p>\n<p>Krimi, si\u00e7 tha Kurti, nuk ka vend n\u00eb Kosov\u00eb, fal\u00eb pun\u00ebs s\u00eb Policis\u00eb s\u00eb Kosov\u00ebs.<\/p>\n<p>\u201cJan\u00eb ngritur dhe forcuar mbi 20 stacione dhe baza policore n\u00eb gjith\u00eb veriun, aty ku m\u00eb par\u00eb nuk kishte asnj\u00eb stacion policor\u201d.<\/p>\n<p>Kjo, tha Kurti, ishte e r\u00ebnd\u00ebsishme edhe p\u00ebr zbulimin e varrezave masive n\u00eb Zubin Potok.<\/p>\n<p>\u201cThemelimi i Xhandarm\u00ebris\u00eb do t\u00eb sh\u00ebrbej\u00eb si nj\u00eb p\u00ebrforcim shtes\u00eb, me mandat t\u00eb qart\u00eb p\u00ebr sigurin\u00eb e vij\u00ebs ajrore dhe tok\u00ebsore t\u00eb vendit\u201d.<\/p>\n","protected":false},"excerpt":{"rendered":"<p>Kryeministri n\u00eb detyr\u00eb i Kosov\u00ebs, Albin Kurti, n\u00eb 27-vjetorin e themelimit t\u00eb Policis\u00eb s\u00eb Kosov\u00ebs, tha se vendi \u00ebsht\u00eb m\u00eb i sigurt se kurr\u00eb m\u00eb par\u00eb, fal\u00eb forcimit t\u00eb Policis\u00eb s\u00eb Kosov\u00ebs. Kurti tha se forcimi i Policis\u00eb, ve\u00e7an\u00ebrisht n\u00eb veri t\u00eb vendit, ka ndihmuar edhe n\u00eb zbulimin e varrezave masive n\u00eb Zubin Potok. Ai [&hellip;]<\/p>\n","protected":false},"author":1,"featured_media":243227,"comment_status":"closed","ping_status":"closed","sticky":false,"template":"","format":"standard","meta":{"footnotes":""},"categories":[5],"tags":[],"tmauthors":[136],"class_list":["post-243226","post","type-post","status-publish","format-standard","has-post-thumbnail","category-lajme"],"_links":{"self":[{"href":"https:\/\/radiostargjilan.com\/web\/wp-json\/wp\/v2\/posts\/243226","targetHints":{"allow":["GET"]}}],"collection":[{"href":"https:\/\/radiostargjilan.com\/web\/wp-json\/wp\/v2\/posts"}],"about":[{"href":"https:\/\/radiostargjilan.com\/web\/wp-json\/wp\/v2\/types\/post"}],"author":[{"embeddable":true,"href":"https:\/\/radiostargjilan.com\/web\/wp-json\/wp\/v2\/users\/1"}],"replies":[{"embeddable":true,"href":"https:\/\/radiostargjilan.com\/web\/wp-json\/wp\/v2\/comments?post=243226"}],"version-history":[{"count":1,"href":"https:\/\/radiostargjilan.com\/web\/wp-json\/wp\/v2\/posts\/243226\/revisions"}],"predecessor-version":[{"id":243228,"href":"https:\/\/radiostargjilan.com\/web\/wp-json\/wp\/v2\/posts\/243226\/revisions\/243228"}],"wp:featuredmedia":[{"embeddable":true,"href":"https:\/\/radiostargjilan.com\/web\/wp-json\/wp\/v2\/media\/243227"}],"wp:attachment":[{"href":"https:\/\/radiostargjilan.com\/web\/wp-json\/wp\/v2\/media?parent=243226"}],"wp:term":[{"taxonomy":"category","embeddable":true,"href":"https:\/\/radiostargjilan.com\/web\/wp-json\/wp\/v2\/categories?post=243226"},{"taxonomy":"post_tag","embeddable":true,"href":"https:\/\/radiostargjilan.com\/web\/wp-json\/wp\/v2\/tags?post=243226"},{"taxonomy":"tmauthors","embeddable":true,"href":"https:\/\/radiostargjilan.com\/web\/wp-json\/wp\/v2\/tmauthors?post=243226"}],"curies":[{"name":"wp","href":"https:\/\/api.w.org\/{rel}","templated":true}]}}