{"id":243229,"date":"2026-09-06T21:29:13","date_gmt":"2026-09-06T19:29:13","guid":{"rendered":"https:\/\/radiostargjilan.com\/web\/?p=243229"},"modified":"2026-09-06T21:29:13","modified_gmt":"2026-09-06T19:29:13","slug":"dyshohet-se-dy-te-dyshuarit-per-sulmin-ndaj-kapitenit-besart-ahmeti-jane-djemte-e-nje-zyrtari-policor","status":"publish","type":"post","link":"https:\/\/radiostargjilan.com\/web\/dyshohet-se-dy-te-dyshuarit-per-sulmin-ndaj-kapitenit-besart-ahmeti-jane-djemte-e-nje-zyrtari-policor\/","title":{"rendered":"Dyshohet se dy t\u00eb dyshuarit p\u00ebr sulmin ndaj kapitenit Besart Ahmeti jan\u00eb djemt\u00eb e nj\u00eb zyrtari policor"},"content":{"rendered":"<p>Dy personat q\u00eb dyshohet se jan\u00eb p\u00ebrfshir\u00eb n\u00eb sulmin ndaj kapitenit t\u00eb Policis\u00eb s\u00eb Kosov\u00ebs, Besart Ahmeti, n\u00eb zon\u00ebn e Prishtina Mall, jan\u00eb djemt\u00eb e nj\u00eb zyrtari policor.<\/p>\n<p>Burimet e Sinjalit b\u00ebjn\u00eb t\u00eb ditur se incidenti ka ndodhur pas nj\u00eb mosmarr\u00ebveshjeje q\u00eb dyshohet se nisi p\u00ebr \u00e7\u00ebshtje parkingu, e cila m\u00eb pas eskaloi n\u00eb konfrontim.<\/p>\n<p>Sipas informacioneve n\u00eb p\u00ebrleshje jan\u00eb p\u00ebrfshir\u00eb dy persona, t\u00eb cil\u00ebt dyshohet se kan\u00eb sulmuar kapitenin Ahmeti.<\/p>\n<p>M\u00ebsohet se t\u00eb dy t\u00eb dyshuarit jan\u00eb v\u00ebllez\u00ebr dhe djemt\u00eb e nj\u00eb zyrtari t\u00eb Policis\u00eb s\u00eb Kosov\u00ebs.<\/p>\n<p>Pas incidentit, n\u00eb rast jan\u00eb p\u00ebrfshir\u00eb zyrtar\u00ebt policor\u00eb nga Stacioni Policor n\u00eb Gra\u00e7anic\u00eb, nd\u00ebrsa m\u00eb pas \u00ebsht\u00eb angazhuar edhe Nj\u00ebsia p\u00ebr Reagim t\u00eb Shpejt\u00eb (NJRSh).<\/p>\n<p>T\u00eb gjitha pal\u00ebt e p\u00ebrfshira jan\u00eb shoq\u00ebruar n\u00eb Stacionin Policor n\u00eb Gra\u00e7anic\u00eb, ku kan\u00eb nisur veprimet p\u00ebr sqarimin e plot\u00eb t\u00eb rrethanave t\u00eb incidentit.<\/p>\n<p>P\u00ebr rastin \u00ebsht\u00eb p\u00ebrfshir\u00eb edhe Inspektorati Policor i Kosov\u00ebs, nd\u00ebrsa pritet q\u00eb hetimet t\u00eb p\u00ebrcaktojn\u00eb dinamik\u00ebn e plot\u00eb t\u00eb ngjarjes dhe p\u00ebrgjegj\u00ebsin\u00eb eventuale t\u00eb secilit prej personave t\u00eb p\u00ebrfshir\u00eb.<\/p>\n","protected":false},"excerpt":{"rendered":"<p>Dy personat q\u00eb dyshohet se jan\u00eb p\u00ebrfshir\u00eb n\u00eb sulmin ndaj kapitenit t\u00eb Policis\u00eb s\u00eb Kosov\u00ebs, Besart Ahmeti, n\u00eb zon\u00ebn e Prishtina Mall, jan\u00eb djemt\u00eb e nj\u00eb zyrtari policor. Burimet e Sinjalit b\u00ebjn\u00eb t\u00eb ditur se incidenti ka ndodhur pas nj\u00eb mosmarr\u00ebveshjeje q\u00eb dyshohet se nisi p\u00ebr \u00e7\u00ebshtje parkingu, e cila m\u00eb pas eskaloi n\u00eb konfrontim. [&hellip;]<\/p>\n","protected":false},"author":1,"featured_media":243230,"comment_status":"closed","ping_status":"closed","sticky":false,"template":"","format":"standard","meta":{"footnotes":""},"categories":[5],"tags":[],"tmauthors":[136],"class_list":["post-243229","post","type-post","status-publish","format-standard","has-post-thumbnail","category-lajme"],"_links":{"self":[{"href":"https:\/\/radiostargjilan.com\/web\/wp-json\/wp\/v2\/posts\/243229","targetHints":{"allow":["GET"]}}],"collection":[{"href":"https:\/\/radiostargjilan.com\/web\/wp-json\/wp\/v2\/posts"}],"about":[{"href":"https:\/\/radiostargjilan.com\/web\/wp-json\/wp\/v2\/types\/post"}],"author":[{"embeddable":true,"href":"https:\/\/radiostargjilan.com\/web\/wp-json\/wp\/v2\/users\/1"}],"replies":[{"embeddable":true,"href":"https:\/\/radiostargjilan.com\/web\/wp-json\/wp\/v2\/comments?post=243229"}],"version-history":[{"count":1,"href":"https:\/\/radiostargjilan.com\/web\/wp-json\/wp\/v2\/posts\/243229\/revisions"}],"predecessor-version":[{"id":243231,"href":"https:\/\/radiostargjilan.com\/web\/wp-json\/wp\/v2\/posts\/243229\/revisions\/243231"}],"wp:featuredmedia":[{"embeddable":true,"href":"https:\/\/radiostargjilan.com\/web\/wp-json\/wp\/v2\/media\/243230"}],"wp:attachment":[{"href":"https:\/\/radiostargjilan.com\/web\/wp-json\/wp\/v2\/media?parent=243229"}],"wp:term":[{"taxonomy":"category","embeddable":true,"href":"https:\/\/radiostargjilan.com\/web\/wp-json\/wp\/v2\/categories?post=243229"},{"taxonomy":"post_tag","embeddable":true,"href":"https:\/\/radiostargjilan.com\/web\/wp-json\/wp\/v2\/tags?post=243229"},{"taxonomy":"tmauthors","embeddable":true,"href":"https:\/\/radiostargjilan.com\/web\/wp-json\/wp\/v2\/tmauthors?post=243229"}],"curies":[{"name":"wp","href":"https:\/\/api.w.org\/{rel}","templated":true}]}}