{"id":243232,"date":"2026-09-06T21:32:44","date_gmt":"2026-09-06T19:32:44","guid":{"rendered":"https:\/\/radiostargjilan.com\/web\/?p=243232"},"modified":"2026-09-06T21:32:44","modified_gmt":"2026-09-06T19:32:44","slug":"hoxha-policia-eshte-shnderruar-ne-nje-institucion-modern-e-te-besueshem","status":"publish","type":"post","link":"https:\/\/radiostargjilan.com\/web\/hoxha-policia-eshte-shnderruar-ne-nje-institucion-modern-e-te-besueshem\/","title":{"rendered":"Hoxha: Policia \u00ebsht\u00eb shnd\u00ebrruar n\u00eb nj\u00eb institucion modern e t\u00eb besuesh\u00ebm"},"content":{"rendered":"<p>Policia e Kosov\u00ebs sot ka sh\u00ebnuar 27 vjetorin e themelimit.<\/p>\n<p>Me ceremoni solemne, e n\u00ebn moton \u201cNj\u00eb rrug\u00ebtim i p\u00ebrbashk\u00ebt nj\u00eb mision i p\u00ebrhersh\u00ebm\u201d u nderua puna e t\u00eb gjith\u00eb atyre zyrtar\u00ebve policor\u00eb nd\u00ebr vite, si dhe u nderuan ata q\u00eb humb\u00ebn jet\u00ebn n\u00eb krye t\u00eb detyr\u00ebs.<\/p>\n<p>Drejtori i p\u00ebrgjithsh\u00ebm i Policis\u00eb s\u00eb Kosov\u00ebs, kolonel Gazmend Hoxha deklaroi se kjo \u00ebsht\u00eb nj\u00eb dit\u00eb krenarie p\u00ebr Policin\u00eb e Kosov\u00ebs, institucionet dhe qytetar\u00ebt.<\/p>\n<p>\u201cSot sh\u00ebnojm\u00eb 27 vjetorin e themelimit t\u00eb Policis\u00eb s\u00eb Kosov\u00ebs. Nj\u00eb institucion q\u00eb \u00ebsht\u00eb zhvilluar e forcuar mbi parimet e ligjit. Rruga jon\u00eb ka kaluar n\u00eb sfida t\u00eb shumta, por q\u00eb policia ka treguar vullnetin e aft\u00ebsin\u00eb p\u00ebr t\u2019ju p\u00ebrgjigjur nevojave t\u00eb koh\u00ebs. Policia \u00ebsht\u00eb shnd\u00ebrruar n\u00eb nj\u00eb institucion modern e t\u00eb besuesh\u00ebm\u201d.<\/p>\n<p>\u201cN\u00eb k\u00ebt\u00eb p\u00ebrvjetor para se t\u00eb flasim p\u00ebr arritjen dhe t\u00eb ardhmen duhet t\u00eb ndalemi dhe t\u00eb kujtojm\u00eb me nderim e respekt t\u00eb gjith\u00eb ata zyrtar\u00eb q\u00eb kan\u00eb sh\u00ebrbyer, e q\u00eb nj\u00eb pjes\u00eb e tyre tashm\u00eb kan\u00eb dal n\u00eb pension\u201d, tha ai.<\/p>\n","protected":false},"excerpt":{"rendered":"<p>Policia e Kosov\u00ebs sot ka sh\u00ebnuar 27 vjetorin e themelimit. Me ceremoni solemne, e n\u00ebn moton \u201cNj\u00eb rrug\u00ebtim i p\u00ebrbashk\u00ebt nj\u00eb mision i p\u00ebrhersh\u00ebm\u201d u nderua puna e t\u00eb gjith\u00eb atyre zyrtar\u00ebve policor\u00eb nd\u00ebr vite, si dhe u nderuan ata q\u00eb humb\u00ebn jet\u00ebn n\u00eb krye t\u00eb detyr\u00ebs. Drejtori i p\u00ebrgjithsh\u00ebm i Policis\u00eb s\u00eb Kosov\u00ebs, kolonel [&hellip;]<\/p>\n","protected":false},"author":1,"featured_media":243233,"comment_status":"closed","ping_status":"closed","sticky":false,"template":"","format":"standard","meta":{"footnotes":""},"categories":[5],"tags":[],"tmauthors":[136],"class_list":["post-243232","post","type-post","status-publish","format-standard","has-post-thumbnail","category-lajme"],"_links":{"self":[{"href":"https:\/\/radiostargjilan.com\/web\/wp-json\/wp\/v2\/posts\/243232","targetHints":{"allow":["GET"]}}],"collection":[{"href":"https:\/\/radiostargjilan.com\/web\/wp-json\/wp\/v2\/posts"}],"about":[{"href":"https:\/\/radiostargjilan.com\/web\/wp-json\/wp\/v2\/types\/post"}],"author":[{"embeddable":true,"href":"https:\/\/radiostargjilan.com\/web\/wp-json\/wp\/v2\/users\/1"}],"replies":[{"embeddable":true,"href":"https:\/\/radiostargjilan.com\/web\/wp-json\/wp\/v2\/comments?post=243232"}],"version-history":[{"count":1,"href":"https:\/\/radiostargjilan.com\/web\/wp-json\/wp\/v2\/posts\/243232\/revisions"}],"predecessor-version":[{"id":243234,"href":"https:\/\/radiostargjilan.com\/web\/wp-json\/wp\/v2\/posts\/243232\/revisions\/243234"}],"wp:featuredmedia":[{"embeddable":true,"href":"https:\/\/radiostargjilan.com\/web\/wp-json\/wp\/v2\/media\/243233"}],"wp:attachment":[{"href":"https:\/\/radiostargjilan.com\/web\/wp-json\/wp\/v2\/media?parent=243232"}],"wp:term":[{"taxonomy":"category","embeddable":true,"href":"https:\/\/radiostargjilan.com\/web\/wp-json\/wp\/v2\/categories?post=243232"},{"taxonomy":"post_tag","embeddable":true,"href":"https:\/\/radiostargjilan.com\/web\/wp-json\/wp\/v2\/tags?post=243232"},{"taxonomy":"tmauthors","embeddable":true,"href":"https:\/\/radiostargjilan.com\/web\/wp-json\/wp\/v2\/tmauthors?post=243232"}],"curies":[{"name":"wp","href":"https:\/\/api.w.org\/{rel}","templated":true}]}}