{"id":243239,"date":"2026-09-06T23:10:26","date_gmt":"2026-09-06T21:10:26","guid":{"rendered":"https:\/\/radiostargjilan.com\/web\/?p=243239"},"modified":"2026-09-06T23:10:26","modified_gmt":"2026-09-06T21:10:26","slug":"rasti-i-sulmit-ndaj-kapitenit-besart-ahmeti-merr-kthese-pjesetari-i-njrsh-se-dyshohet-se-ushtroi-dhune-ndaj-njerit-prej-te-shoqeruarve","status":"publish","type":"post","link":"https:\/\/radiostargjilan.com\/web\/rasti-i-sulmit-ndaj-kapitenit-besart-ahmeti-merr-kthese-pjesetari-i-njrsh-se-dyshohet-se-ushtroi-dhune-ndaj-njerit-prej-te-shoqeruarve\/","title":{"rendered":"Rasti i sulmit ndaj kapitenit Besart Ahmeti merr kthes\u00eb \u2013 pjes\u00ebtari i NJRSh-s\u00eb dyshohet se ushtroi dhun\u00eb ndaj nj\u00ebrit prej t\u00eb shoq\u00ebruarve"},"content":{"rendered":"<p>Rasti i sulmit ndaj kapitenit t\u00eb Policis\u00eb s\u00eb Kosov\u00ebs, Besart Ahmeti, pas nj\u00eb p\u00ebrplasjeje q\u00eb nisi p\u00ebr parking te Prishtina Mall, ka marr\u00eb nj\u00eb tjet\u00ebr drejtim.<\/p>\n<p>P\u00ebrve\u00e7 hetimeve ndaj dy personave t\u00eb dyshuar p\u00ebr sulmin, tashm\u00eb \u00ebsht\u00eb hapur rast edhe ndaj nj\u00eb pjes\u00ebtari t\u00eb Nj\u00ebsis\u00eb p\u00ebr Reagim t\u00eb Shpejt\u00eb (NJRSh), merr vesh Sinjali.<\/p>\n<p>B\u00ebhet e ditur se dyshimet e reja kan\u00eb lindur pasi pal\u00ebt e p\u00ebrfshira n\u00eb incident ishin shoq\u00ebruar nga Policia p\u00ebr procedura t\u00eb m\u00ebtejshme.<\/p>\n<p>Sipas informacioneve raportohet se nj\u00ebri nga personat e shoq\u00ebruar, i cili dyshohet p\u00ebr sulmin ndaj kapitenit Ahmeti, pretendon se \u00ebsht\u00eb keqtrajtuar nga nj\u00eb pjes\u00ebtar i NJRSh-s\u00eb.<\/p>\n<p>Dyshimet lidhen me p\u00ebrdorimin e dhun\u00ebs ndaj tij pas shoq\u00ebrimit, nd\u00ebrsa m\u00ebsohet se p\u00ebr t\u00eb d\u00ebmtuarin ekziston edhe raport mjek\u00ebsor, i cili tashm\u00eb pritet t\u00eb jet\u00eb pjes\u00eb e trajtimit t\u00eb rastit.<\/p>\n<p>K\u00ebto pretendime kan\u00eb b\u00ebr\u00eb q\u00eb hetimet t\u00eb mos kufizohen m\u00eb vet\u00ebm te incidenti fillestar.<\/p>\n<p>M\u00ebsohet se Prokurori i Shtetit ka urdh\u00ebruar hapjen e rastit ndaj pjes\u00ebtarit t\u00eb NJRSh-s\u00eb, n\u00ebn dyshimin p\u00ebr vepr\u00ebn penale \u201cKeqtrajtimi gjat\u00eb ushtrimit t\u00eb detyr\u00ebs zyrtare ose autorizimeve publike\u201d.<\/p>\n<p>N\u00eb kuad\u00ebr t\u00eb hetimeve \u00ebsht\u00eb k\u00ebrkuar q\u00eb t\u00eb intervistohen edhe d\u00ebshmitar\u00ebt e tjer\u00eb q\u00eb kan\u00eb njohuri p\u00ebr ngjarjen, me q\u00ebllim t\u00eb sqarimit t\u00eb m\u00ebnyr\u00ebs se si \u00ebsht\u00eb trajtuar i shoq\u00ebruari dhe rrethanave n\u00eb t\u00eb cilat dyshohet se \u00ebsht\u00eb p\u00ebrdorur dhuna.<\/p>\n<p>N\u00eb trajtimin e gjith\u00eb rastit tashm\u00eb \u00ebsht\u00eb p\u00ebrfshir\u00eb edhe Inspektorati Policor i Kosov\u00ebs, p\u00ebr shkak t\u00eb p\u00ebrfshirjes s\u00eb zyrtar\u00ebve policor\u00eb dhe dyshimeve t\u00eb ngritura ndaj pjes\u00ebtarit t\u00eb NJRSh-s\u00eb.<\/p>\n<p>Incidenti fillestar kishte ndodhur te Prishtina Mall, pas nj\u00eb mosmarr\u00ebveshjeje lidhur me parkingun, ku dy persona dyshohet se kishin sulmuar kapitenin Besart Ahmeti.<\/p>\n<p>Pas incidentit, pal\u00ebt ishin shoq\u00ebruar n\u00eb Polici, nd\u00ebrsa n\u00eb menaxhimin e situat\u00ebs ishin p\u00ebrfshir\u00eb zyrtar\u00eb policor\u00eb nga Gra\u00e7anica dhe pjes\u00ebtar\u00eb t\u00eb NJRSh-s\u00eb.<\/p>\n<p>Hetimi tashm\u00eb po zhvillohet n\u00eb dy drejtime t\u00eb ndara, p\u00ebr sulmin e dyshuar ndaj kapitenit Ahmeti dhe p\u00ebr pretendimet se gjat\u00eb nd\u00ebrhyrjes policore nj\u00ebri prej t\u00eb shoq\u00ebruarve \u00ebsht\u00eb keqtrajtuar nga pjes\u00ebtari i NJRSh-s\u00eb.<\/p>\n","protected":false},"excerpt":{"rendered":"<p>Rasti i sulmit ndaj kapitenit t\u00eb Policis\u00eb s\u00eb Kosov\u00ebs, Besart Ahmeti, pas nj\u00eb p\u00ebrplasjeje q\u00eb nisi p\u00ebr parking te Prishtina Mall, ka marr\u00eb nj\u00eb tjet\u00ebr drejtim. P\u00ebrve\u00e7 hetimeve ndaj dy personave t\u00eb dyshuar p\u00ebr sulmin, tashm\u00eb \u00ebsht\u00eb hapur rast edhe ndaj nj\u00eb pjes\u00ebtari t\u00eb Nj\u00ebsis\u00eb p\u00ebr Reagim t\u00eb Shpejt\u00eb (NJRSh), merr vesh Sinjali. B\u00ebhet e [&hellip;]<\/p>\n","protected":false},"author":1,"featured_media":243240,"comment_status":"closed","ping_status":"closed","sticky":false,"template":"","format":"standard","meta":{"footnotes":""},"categories":[5],"tags":[],"tmauthors":[136],"class_list":["post-243239","post","type-post","status-publish","format-standard","has-post-thumbnail","category-lajme"],"_links":{"self":[{"href":"https:\/\/radiostargjilan.com\/web\/wp-json\/wp\/v2\/posts\/243239","targetHints":{"allow":["GET"]}}],"collection":[{"href":"https:\/\/radiostargjilan.com\/web\/wp-json\/wp\/v2\/posts"}],"about":[{"href":"https:\/\/radiostargjilan.com\/web\/wp-json\/wp\/v2\/types\/post"}],"author":[{"embeddable":true,"href":"https:\/\/radiostargjilan.com\/web\/wp-json\/wp\/v2\/users\/1"}],"replies":[{"embeddable":true,"href":"https:\/\/radiostargjilan.com\/web\/wp-json\/wp\/v2\/comments?post=243239"}],"version-history":[{"count":1,"href":"https:\/\/radiostargjilan.com\/web\/wp-json\/wp\/v2\/posts\/243239\/revisions"}],"predecessor-version":[{"id":243241,"href":"https:\/\/radiostargjilan.com\/web\/wp-json\/wp\/v2\/posts\/243239\/revisions\/243241"}],"wp:featuredmedia":[{"embeddable":true,"href":"https:\/\/radiostargjilan.com\/web\/wp-json\/wp\/v2\/media\/243240"}],"wp:attachment":[{"href":"https:\/\/radiostargjilan.com\/web\/wp-json\/wp\/v2\/media?parent=243239"}],"wp:term":[{"taxonomy":"category","embeddable":true,"href":"https:\/\/radiostargjilan.com\/web\/wp-json\/wp\/v2\/categories?post=243239"},{"taxonomy":"post_tag","embeddable":true,"href":"https:\/\/radiostargjilan.com\/web\/wp-json\/wp\/v2\/tags?post=243239"},{"taxonomy":"tmauthors","embeddable":true,"href":"https:\/\/radiostargjilan.com\/web\/wp-json\/wp\/v2\/tmauthors?post=243239"}],"curies":[{"name":"wp","href":"https:\/\/api.w.org\/{rel}","templated":true}]}}