{"id":243244,"date":"2026-09-06T23:56:59","date_gmt":"2026-09-06T21:56:59","guid":{"rendered":"https:\/\/radiostargjilan.com\/web\/?p=243244"},"modified":"2026-09-06T23:56:59","modified_gmt":"2026-09-06T21:56:59","slug":"ne-gllogjan-ndizet-zjarri-i-lirise-dukagjini-percjell-mesazhin-clirimtaret-nuk-jane-vetem","status":"publish","type":"post","link":"https:\/\/radiostargjilan.com\/web\/ne-gllogjan-ndizet-zjarri-i-lirise-dukagjini-percjell-mesazhin-clirimtaret-nuk-jane-vetem\/","title":{"rendered":"N\u00eb Gllogjan ndizet \u201cZjarri i Liris\u00eb\u201d \u2013 Dukagjini p\u00ebrcjell mesazhin: \u00c7lirimtar\u00ebt nuk jan\u00eb vet\u00ebm"},"content":{"rendered":"<p>N\u00eb Gllogjan, n\u00eb zem\u00ebr t\u00eb Zon\u00ebs Operative t\u00eb Dukagjinit, \u00ebsht\u00eb ndezur sonte \u201cZjarri i Liris\u00eb\u201d, duke p\u00ebrcjell\u00eb edhe nga kjo zon\u00eb historike mesazhin e fuqish\u00ebm t\u00eb mb\u00ebshtetjes p\u00ebr \u00e7lirimtar\u00ebt Hashim Tha\u00e7i, Kadri Veseli, Jakup Krasniqi dhe Rexhep Selimi.<\/p>\n<p>Veteran\u00eb dhe ish-ushtar\u00eb t\u00eb Ushtris\u00eb \u00c7lirimtare t\u00eb Kosov\u00ebs, familje t\u00eb d\u00ebshmor\u00ebve, invalid\u00eb t\u00eb luft\u00ebs, bashk\u00ebluft\u00ebtar\u00eb dhe qytetar\u00eb jan\u00eb bashkuar n\u00eb Gllogjan p\u00ebr t\u00eb d\u00ebshmuar se lufta p\u00ebr liri, sakrifica dhe historia e U\u00c7K-s\u00eb nuk harrohen.<\/p>\n<p>Nga Dukagjini u p\u00ebrcoll qart\u00eb mesazhi se, edhe sot, bashk\u00ebluft\u00ebtar\u00ebt q\u00eb po p\u00ebrballen me procesin gjyq\u00ebsor n\u00eb Hag\u00eb kan\u00eb pran\u00eb tyre njer\u00ebzit me t\u00eb cil\u00ebt ndan\u00eb rrug\u00ebn e luft\u00ebs dhe t\u00eb liris\u00eb.<\/p>\n<p>\u00c7lirimtar\u00ebt nuk jan\u00eb vet\u00ebm.<\/p>\n<p>\u201cZjarri i Liris\u00eb\u201d po vazhdon nga nj\u00ebra zon\u00eb operative n\u00eb tjetr\u00ebn, duke bashkuar veteran\u00ebt, familjet e d\u00ebshmor\u00ebve dhe qytetar\u00ebt rreth k\u00ebrkes\u00ebs p\u00ebr drejt\u00ebsi dhe liri.<\/p>\n<p>Nga Gllogjani dhe Zona Operative e Dukagjinit, mesazhi shkon drejt gjith\u00eb Kosov\u00ebs: q\u00ebndrojm\u00eb bashk\u00eb p\u00ebr \u00e7lirimtar\u00ebt, p\u00ebr sakrific\u00ebn dhe p\u00ebr dinjitetin e luft\u00ebs son\u00eb \u00e7lirimtare.<\/p>\n<p>12 shtator | Ora 14:00 | Sheshi \u201cSk\u00ebnderbeu\u201d, Prishtin\u00eb<\/p>\n<p>Marshi p\u00ebr Liri. \u00c7lirimtar\u00ebt nuk jan\u00eb vet\u00ebm.<\/p>\n","protected":false},"excerpt":{"rendered":"<p>N\u00eb Gllogjan, n\u00eb zem\u00ebr t\u00eb Zon\u00ebs Operative t\u00eb Dukagjinit, \u00ebsht\u00eb ndezur sonte \u201cZjarri i Liris\u00eb\u201d, duke p\u00ebrcjell\u00eb edhe nga kjo zon\u00eb historike mesazhin e fuqish\u00ebm t\u00eb mb\u00ebshtetjes p\u00ebr \u00e7lirimtar\u00ebt Hashim Tha\u00e7i, Kadri Veseli, Jakup Krasniqi dhe Rexhep Selimi. Veteran\u00eb dhe ish-ushtar\u00eb t\u00eb Ushtris\u00eb \u00c7lirimtare t\u00eb Kosov\u00ebs, familje t\u00eb d\u00ebshmor\u00ebve, invalid\u00eb t\u00eb luft\u00ebs, bashk\u00ebluft\u00ebtar\u00eb dhe qytetar\u00eb [&hellip;]<\/p>\n","protected":false},"author":1,"featured_media":243245,"comment_status":"closed","ping_status":"closed","sticky":false,"template":"","format":"standard","meta":{"footnotes":""},"categories":[5],"tags":[],"tmauthors":[136],"class_list":["post-243244","post","type-post","status-publish","format-standard","has-post-thumbnail","category-lajme"],"_links":{"self":[{"href":"https:\/\/radiostargjilan.com\/web\/wp-json\/wp\/v2\/posts\/243244","targetHints":{"allow":["GET"]}}],"collection":[{"href":"https:\/\/radiostargjilan.com\/web\/wp-json\/wp\/v2\/posts"}],"about":[{"href":"https:\/\/radiostargjilan.com\/web\/wp-json\/wp\/v2\/types\/post"}],"author":[{"embeddable":true,"href":"https:\/\/radiostargjilan.com\/web\/wp-json\/wp\/v2\/users\/1"}],"replies":[{"embeddable":true,"href":"https:\/\/radiostargjilan.com\/web\/wp-json\/wp\/v2\/comments?post=243244"}],"version-history":[{"count":1,"href":"https:\/\/radiostargjilan.com\/web\/wp-json\/wp\/v2\/posts\/243244\/revisions"}],"predecessor-version":[{"id":243246,"href":"https:\/\/radiostargjilan.com\/web\/wp-json\/wp\/v2\/posts\/243244\/revisions\/243246"}],"wp:featuredmedia":[{"embeddable":true,"href":"https:\/\/radiostargjilan.com\/web\/wp-json\/wp\/v2\/media\/243245"}],"wp:attachment":[{"href":"https:\/\/radiostargjilan.com\/web\/wp-json\/wp\/v2\/media?parent=243244"}],"wp:term":[{"taxonomy":"category","embeddable":true,"href":"https:\/\/radiostargjilan.com\/web\/wp-json\/wp\/v2\/categories?post=243244"},{"taxonomy":"post_tag","embeddable":true,"href":"https:\/\/radiostargjilan.com\/web\/wp-json\/wp\/v2\/tags?post=243244"},{"taxonomy":"tmauthors","embeddable":true,"href":"https:\/\/radiostargjilan.com\/web\/wp-json\/wp\/v2\/tmauthors?post=243244"}],"curies":[{"name":"wp","href":"https:\/\/api.w.org\/{rel}","templated":true}]}}