{"id":24495,"date":"2018-09-10T19:32:29","date_gmt":"2018-09-10T19:32:29","guid":{"rendered":"http:\/\/radiostargjilan.com\/web\/?p=24495"},"modified":"2018-09-10T19:32:29","modified_gmt":"2018-09-10T19:32:29","slug":"shkruan-prof-betim-krasniqi-trombonist-instrumentistet-dhe-koristet-e-filharmonise-se-kosoves-po-trajtohen-jo-dinjitetshem-nga-institucioni-pergjegjes","status":"publish","type":"post","link":"https:\/\/radiostargjilan.com\/web\/shkruan-prof-betim-krasniqi-trombonist-instrumentistet-dhe-koristet-e-filharmonise-se-kosoves-po-trajtohen-jo-dinjitetshem-nga-institucioni-pergjegjes\/","title":{"rendered":"Shkruan Prof.Betim Krasniqi-Trombonist: Instrumentist\u00ebt dhe korist\u00ebt e Filharmonis\u00eb s\u00eb Kosov\u00ebs po trajtohen jo dinjitetsh\u00ebm nga institucioni pergjegj\u00ebs!"},"content":{"rendered":"<p>Instrumentist\u00ebt dhe korist\u00ebt e Filharmonis\u00eb s\u00eb Kosov\u00ebs p\u00ebr nj\u00eb jav\u00eb jan\u00eb n\u00eb grev\u00eb duke e ngritur z\u00ebrin p\u00ebr her\u00eb t\u00eb par\u00eb p\u00ebr trajtim jo t\u00eb dinjitetsh\u00ebm q\u00eb i \u00ebsht\u00eb b\u00ebr\u00eb deri tash, duke k\u00ebrkuar rritjen e mir\u00ebqenies s\u00eb tyre.<\/p>\n<p>Edhe pse shum\u00eb me vones\u00eb, instrumentist\u00ebt dhe kori i filharmonis\u00eb jan\u00eb organizuar mir\u00eb dhe jan\u00eb t\u00eb vendosur p\u00ebr k\u00ebrkesat e tyre legjitime q\u00eb jan\u00eb ngritja e mir\u00ebq\u00ebnies s\u00eb tyre e cila do t\u00eb ket\u00eb ndikim dhe n\u00eb ngritjen e nivelit profesional-artistik t\u00eb institucionit m\u00eb t\u00eb lart\u00eb muzikor n\u00eb vend.<\/p>\n<p>P\u00ebr keqardhje ishte mos p\u00ebrkrahja zyrtarisht e k\u00ebsaj greve nga bordi udheheq\u00ebs i Filharmonis\u00eb si dhe nga komuniteti artistik n\u00eb vend.<br \/>\nAsnj\u00eb institucion i muzik\u00ebs n\u00eb Kosov\u00eb, asnj\u00eb Festival i muzik\u00ebs artistike nuk e vizitoi apo p\u00ebrkrahu k\u00ebt\u00eb grev\u00eb t\u00eb atyre njer\u00ebzve q\u00eb p\u00ebr \u00e7do vit i shfryt\u00ebzojn\u00eb n\u00eb \u00e7far\u00ebdo forme e sidomos p\u00ebr Festivalet e veta.<\/p>\n<p>Asnj\u00eb instrumentist q\u00eb shum\u00eb her\u00eb kan\u00eb qen\u00eb solist\u00eb me k\u00ebt\u00eb orkest\u00ebr, dirigjent, kompozitor\u00eb, muzikolog\u00eb\u2026. asnj\u00eb nuk erdhi as t\u2019i vizitoj\u00eb e as ti perkrah\u00eb koleg\u00ebt e tyre!\u2026<\/p>\n<p>Ra kjo grev\u00eb dhe u pa\u2026 kush dhe kujt e sa i intereson mir\u00ebq\u00ebnia e atij institucioni dhe e artist\u00ebve q\u00eb punojn\u00eb aty e q\u00eb p\u00ebr vite me rradh\u00eb ka qen\u00eb shtyll\u00eb e kultivimit dhe zhvillimit t\u00eb muzik\u00ebs artistike si dhe ka p\u00ebrkrahur \u00e7do iniciativ\u00eb si p\u00ebr individ\u00eb ashtu dhe p\u00ebr festivale t\u00eb ndryshme.<\/p>\n<p>Si ka mund\u00ebsi q\u00eb as edhe nj\u00eb?!\u2026 nga t\u00eb gjith\u00eb komuniteti t\u00eb mos dal\u00eb publikisht ta p\u00ebrkrah\u00eb grev\u00ebn?<br \/>\nNj\u00eb koleg m\u00eb tha .. pse me u merakos p\u00ebr artist\u00ebt e Filharmonis\u00eb, t\u00eb gjith\u00eb ju q\u00eb duhet t\u00eb flisni merrni rroga shum\u00eb t\u00eb medha n\u00ebp\u00eb fakultete, borde, organizata etj ejt<\/p>\n<p>Sado e pap\u00eblqyeshme mu duk dal\u00ebngadal\u00eb duke e analizuar erdha n\u00eb p\u00ebrfundim q\u00eb kolegu kishte t\u00eb drejt\u00eb.<br \/>\nDrejtuesit e Festivaleve t\u00eb muzik\u00ebs artistike shumica jan\u00eb Profesor\u00eb n\u00ebp\u00ebr universitete dhe kan\u00eb paga shum\u00eb t\u00eb mira, nj\u00eb pjes\u00eb tjet\u00ebr e kan\u00eb mbush buxhetin dhe ndihen rehat p\u00ebr aktivitetet q\u00eb i zhvillojn\u00eb dhe ruhen q\u00eb t\u00eb mos flasin q\u00eb vitin tjeter t\u00eb mos dalin nga lista e subvencioneve etj. etj\u2026<\/p>\n<p>Si p\u00ebrfundim asnj\u00eb fjal\u00eb\u2026.<\/p>\n<p>Strukja dhe indiferenca ndaj problemeve \u00ebsht\u00eb veti artistike q\u00eb kultivohet dhe trash\u00ebgohet n\u00eb Kosov\u00eb e sidomos prej njer\u00ebzve q\u00eb kan\u00eb pozit\u00eb apo ndikim n\u00eb shoq\u00ebri, prandaj edhe nuk kemi asgj\u00eb si duhet\u2026..psh. salla koncertale, shkolla t\u00eb mir\u00ebfillta, fakultete, orkestra etj etj\u2026<\/p>\n<p>Po ju kujtojm\u00eb q\u00eb instrumentist\u00ebt dhe kori ka filluar t\u00eb organizohet, shum\u00eb shpejt vjen koha q\u00eb do t\u00eb marr\u00eb pjes\u00eb n\u00eb vendimmarrje dhe do t\u00eb vendos\u00eb edhe p\u00ebr pjes\u00ebmarrje t\u00eb Orkestr\u00ebs dhe Korit n\u00ebp\u00ebr evenimente q\u00eb nuk jan\u00eb n\u00eb agjend\u00ebn e p\u00ebrcaktuar p\u00ebr nevoja t\u00eb Filharmonis\u00eb.<\/p>\n<p>E pra\u2026. festivalet duhet ta gjejn\u00eb veten pa nat\u00ebn e fundit me Filharmonin\u00eb si nat\u00eb kulminante-madh\u00ebshtore!!! edhe ashtu mosmir\u00ebnjohja, kritikat jo t\u00eb sinqerta n\u00eb form\u00eb thashethemi p\u00ebr jo profesionaliz\u00ebm ndaj k\u00ebtij institucioni vijn\u00eb nga po t\u00eb nj\u00ebjtit q\u00eb edhe e shfryt\u00ebzojn\u00eb k\u00ebt\u00eb orkest\u00ebr p\u00ebr glorifikimin e festivalit.<\/p>\n<p>Mir\u00ebq\u00ebnia e an\u00ebtar\u00ebve t\u00eb Filharmonis\u00eb mund t\u00eb rritet edhe me pjes\u00ebmarrje me pages\u00eb n\u00eb festivale<\/p>\n<p>Psh.nj\u00eb propozim p\u00ebr Drejtorin dhe bordin udh\u00ebheq\u00ebs t\u00eb Filharmonis, pjes\u00ebmarrja n\u00eb ndonj\u00eb Festival e orkestr\u00ebs apo korit kushton 8000 euro.<\/p>\n<p>P\u00ebr ata q\u00eb nuk e dijn\u00eb, si p\u00ebr ironi ky komunitet q\u00eb aspak nuk i intereson mir\u00ebq\u00ebnia e antar\u00ebve t\u00eb Filharmonis\u00eb i ka 10 koncerte n\u00eb vit dhurat\u00eb nga Filharmonia e Kosov\u00ebs!\u2026<\/p>\n","protected":false},"excerpt":{"rendered":"<p>Instrumentist\u00ebt dhe korist\u00ebt e Filharmonis\u00eb s\u00eb Kosov\u00ebs p\u00ebr nj\u00eb jav\u00eb jan\u00eb n\u00eb grev\u00eb duke e ngritur z\u00ebrin p\u00ebr her\u00eb t\u00eb par\u00eb p\u00ebr trajtim jo t\u00eb dinjitetsh\u00ebm q\u00eb i \u00ebsht\u00eb b\u00ebr\u00eb deri tash, duke k\u00ebrkuar rritjen e mir\u00ebqenies s\u00eb tyre. Edhe pse shum\u00eb me vones\u00eb, instrumentist\u00ebt dhe kori i filharmonis\u00eb jan\u00eb organizuar mir\u00eb dhe jan\u00eb t\u00eb [&hellip;]<\/p>\n","protected":false},"author":1,"featured_media":24493,"comment_status":"closed","ping_status":"closed","sticky":false,"template":"","format":"standard","meta":{"footnotes":""},"categories":[5],"tags":[],"class_list":{"0":"post-24495","1":"post","2":"type-post","3":"status-publish","4":"format-standard","5":"has-post-thumbnail","7":"category-lajme"},"_links":{"self":[{"href":"https:\/\/radiostargjilan.com\/web\/wp-json\/wp\/v2\/posts\/24495","targetHints":{"allow":["GET"]}}],"collection":[{"href":"https:\/\/radiostargjilan.com\/web\/wp-json\/wp\/v2\/posts"}],"about":[{"href":"https:\/\/radiostargjilan.com\/web\/wp-json\/wp\/v2\/types\/post"}],"author":[{"embeddable":true,"href":"https:\/\/radiostargjilan.com\/web\/wp-json\/wp\/v2\/users\/1"}],"replies":[{"embeddable":true,"href":"https:\/\/radiostargjilan.com\/web\/wp-json\/wp\/v2\/comments?post=24495"}],"version-history":[{"count":0,"href":"https:\/\/radiostargjilan.com\/web\/wp-json\/wp\/v2\/posts\/24495\/revisions"}],"wp:featuredmedia":[{"embeddable":true,"href":"https:\/\/radiostargjilan.com\/web\/wp-json\/wp\/v2\/media\/24493"}],"wp:attachment":[{"href":"https:\/\/radiostargjilan.com\/web\/wp-json\/wp\/v2\/media?parent=24495"}],"wp:term":[{"taxonomy":"category","embeddable":true,"href":"https:\/\/radiostargjilan.com\/web\/wp-json\/wp\/v2\/categories?post=24495"},{"taxonomy":"post_tag","embeddable":true,"href":"https:\/\/radiostargjilan.com\/web\/wp-json\/wp\/v2\/tags?post=24495"}],"curies":[{"name":"wp","href":"https:\/\/api.w.org\/{rel}","templated":true}]}}